{"id":503,"date":"2024-04-08T19:48:37","date_gmt":"2024-04-08T17:48:37","guid":{"rendered":"https:\/\/www.revista-insaiguaviva.org\/curs2023-2024\/?p=503"},"modified":"2024-04-08T19:52:20","modified_gmt":"2024-04-08T17:52:20","slug":"quatre-nominats-catalans-al-xv-premi-europeu-de-la-prevencio-de-residus","status":"publish","type":"post","link":"https:\/\/www.revista-insaiguaviva.org\/curs2023-2024\/2024\/04\/08\/quatre-nominats-catalans-al-xv-premi-europeu-de-la-prevencio-de-residus\/","title":{"rendered":"Quatre nominats catalans al XV Premi Europeu de la Prevenci\u00f3 de Residus"},"content":{"rendered":"\n<p>L\u2019Ag\u00e8ncia de Residus de Catalunya (ARC) ha presentat quatre projectes catalans a la XV edici\u00f3 del Premi Europeu de la Prevenci\u00f3 de Residus, que es lliurar\u00e0 el proper 18 de juny en una cerim\u00f2nia a Marsella.&nbsp;<\/p>\n\n\n\n<p>Un d&#8217;aquests projectes \u00e9s el que es va portar a terme, des de l&#8217;Ajuntament de Mollet del Vall\u00e8s, durant la Setmana Europea de la Prevenci\u00f3 de Residus. Aquest projecte va consistir en instaurar el dia lliure d\u2019envasos d\u2019un sol \u00fas al mercat municipal. Durant aquest dia es van repartir un total de 468 envasos reutilitzables entre tota la clientela, aportant una reducci\u00f3 directa de generaci\u00f3 de residus al mercat. I tamb\u00e9 es va organitzar un punt d\u2019informaci\u00f3 on s\u2019explicava la problem\u00e0tica dels envasos de pl\u00e0stic d\u2019un sol \u00fas. Tot plegat va comptar amb una alta participaci\u00f3 i molt bona acollida per part de tots els agents implicats.<\/p>\n\n\n\n<p>Aquesta acci\u00f3 emmarcada dins la Campanya Mercat Zero Envasos, va ser fruit d\u2019un proc\u00e9s participatiu que va implicar les parades del mercat municipal, la ciutadania, els diferents agents de l\u2019Ajuntament i l\u2019alumnat de 3er d\u2019ESO de l\u2019institut Aiguaviva de Mollet.<\/p>\n\n\n\n<p>Podeu llegir la not\u00edcia sencera <a href=\"https:\/\/govern.cat\/salapremsa\/notes-premsa\/595062\/quatre-nominats-catalans-al-xv-premi-europeu-prevencio-residus\">aqu\u00ed<\/a>. <\/p>\n\n\n\n<figure class=\"wp-block-embed is-type-video is-provider-youtube wp-block-embed-youtube wp-embed-aspect-16-9 wp-has-aspect-ratio\"><div class=\"wp-block-embed__wrapper\">\n<iframe loading=\"lazy\" title=\"Acci\u00f3 EWWR 2023: &quot;Dia sense envasos d\u2019un sol \u00fas al mercat municipal de Mollet del Vall\u00e8s&quot;\" width=\"525\" height=\"295\" src=\"https:\/\/www.youtube.com\/embed\/h05niPFGm3Y?feature=oembed\" frameborder=\"0\" allow=\"accelerometer; autoplay; clipboard-write; encrypted-media; gyroscope; picture-in-picture; web-share\" referrerpolicy=\"strict-origin-when-cross-origin\" allowfullscreen><\/iframe>\n<\/div><\/figure>\n\n\n\n<p>Desitgem molta sort a tots els projectes presentats!<\/p>\n","protected":false},"excerpt":{"rendered":"<p>L\u2019Ag\u00e8ncia de Residus de Catalunya (ARC) ha presentat quatre projectes catalans a la XV edici\u00f3 del Premi Europeu de la Prevenci\u00f3 de Residus, que es lliurar\u00e0 el proper 18 de juny en una cerim\u00f2nia a Marsella.&nbsp; Un d&#8217;aquests projectes \u00e9s el que es va portar a terme, des de l&#8217;Ajuntament de Mollet del Vall\u00e8s, durant &hellip; <\/p>\n<p class=\"link-more\"><a href=\"https:\/\/www.revista-insaiguaviva.org\/curs2023-2024\/2024\/04\/08\/quatre-nominats-catalans-al-xv-premi-europeu-de-la-prevencio-de-residus\/\" class=\"more-link\">Continua llegint <span class=\"screen-reader-text\">\u00abQuatre nominats catalans al XV Premi Europeu de la Prevenci\u00f3 de Residus\u00bb<\/span><\/a><\/p>\n","protected":false},"author":2,"featured_media":0,"comment_status":"open","ping_status":"open","sticky":false,"template":"","format":"standard","meta":{"footnotes":""},"categories":[29,86],"tags":[],"class_list":["post-503","post","type-post","status-publish","format-standard","hentry","category-noticies","category-quatre-nominats-catalans-al-xv-premi-europeu-de-la-prevencio-de-residus"],"_links":{"self":[{"href":"https:\/\/www.revista-insaiguaviva.org\/curs2023-2024\/wp-json\/wp\/v2\/posts\/503","targetHints":{"allow":["GET"]}}],"collection":[{"href":"https:\/\/www.revista-insaiguaviva.org\/curs2023-2024\/wp-json\/wp\/v2\/posts"}],"about":[{"href":"https:\/\/www.revista-insaiguaviva.org\/curs2023-2024\/wp-json\/wp\/v2\/types\/post"}],"author":[{"embeddable":true,"href":"https:\/\/www.revista-insaiguaviva.org\/curs2023-2024\/wp-json\/wp\/v2\/users\/2"}],"replies":[{"embeddable":true,"href":"https:\/\/www.revista-insaiguaviva.org\/curs2023-2024\/wp-json\/wp\/v2\/comments?post=503"}],"version-history":[{"count":3,"href":"https:\/\/www.revista-insaiguaviva.org\/curs2023-2024\/wp-json\/wp\/v2\/posts\/503\/revisions"}],"predecessor-version":[{"id":506,"href":"https:\/\/www.revista-insaiguaviva.org\/curs2023-2024\/wp-json\/wp\/v2\/posts\/503\/revisions\/506"}],"wp:attachment":[{"href":"https:\/\/www.revista-insaiguaviva.org\/curs2023-2024\/wp-json\/wp\/v2\/media?parent=503"}],"wp:term":[{"taxonomy":"category","embeddable":true,"href":"https:\/\/www.revista-insaiguaviva.org\/curs2023-2024\/wp-json\/wp\/v2\/categories?post=503"},{"taxonomy":"post_tag","embeddable":true,"href":"https:\/\/www.revista-insaiguaviva.org\/curs2023-2024\/wp-json\/wp\/v2\/tags?post=503"}],"curies":[{"name":"wp","href":"https:\/\/api.w.org\/{rel}","templated":true}]}}