{"id":560,"date":"2024-04-19T18:35:59","date_gmt":"2024-04-19T16:35:59","guid":{"rendered":"https:\/\/www.revista-insaiguaviva.org\/curs2023-2024\/?p=560"},"modified":"2024-04-19T18:35:59","modified_gmt":"2024-04-19T16:35:59","slug":"pla-local-de-joventut-de-mollet","status":"publish","type":"post","link":"https:\/\/www.revista-insaiguaviva.org\/curs2023-2024\/2024\/04\/19\/pla-local-de-joventut-de-mollet\/","title":{"rendered":"Pla Local de Joventut de Mollet"},"content":{"rendered":"\n<p>Les delegades de primer i segon de batxillerat van assistir dijous, divuit d&#8217;abril, a la Jornada de Delegats i delegades que s&#8217;organitz\u00e0 dins del nou Pla Local de Joventut de Mollet per con\u00e8ixer de primera m\u00e0 la visi\u00f3 de la ciutat que tenen els joves. Aquesta jornada estava adre\u00e7ada als joves de 12 a 18 anys. <\/p>\n\n\n\n<p>L&#8217;Ariadna Alcalde, de 2n B de batxillerat, va ser entrevistada per la televisi\u00f3 local, Vall\u00e8s Visi\u00f3, i per R\u00e0dio Mollet. <\/p>\n\n\n\n<figure class=\"wp-block-gallery has-nested-images columns-default is-cropped wp-block-gallery-1 is-layout-flex wp-block-gallery-is-layout-flex\">\n<figure class=\"wp-block-image size-large\"><img loading=\"lazy\" decoding=\"async\" width=\"768\" height=\"1024\" data-id=\"561\" src=\"https:\/\/www.revista-insaiguaviva.org\/curs2023-2024\/wp-content\/uploads\/2024\/04\/1713544040085-768x1024.jpg\" alt=\"\" class=\"wp-image-561\" srcset=\"https:\/\/www.revista-insaiguaviva.org\/curs2023-2024\/wp-content\/uploads\/2024\/04\/1713544040085-768x1024.jpg 768w, https:\/\/www.revista-insaiguaviva.org\/curs2023-2024\/wp-content\/uploads\/2024\/04\/1713544040085-225x300.jpg 225w, https:\/\/www.revista-insaiguaviva.org\/curs2023-2024\/wp-content\/uploads\/2024\/04\/1713544040085-1152x1536.jpg 1152w, https:\/\/www.revista-insaiguaviva.org\/curs2023-2024\/wp-content\/uploads\/2024\/04\/1713544040085-1536x2048.jpg 1536w, https:\/\/www.revista-insaiguaviva.org\/curs2023-2024\/wp-content\/uploads\/2024\/04\/1713544040085-scaled.jpg 1920w\" sizes=\"auto, (max-width: 767px) 89vw, (max-width: 1000px) 54vw, (max-width: 1071px) 543px, 580px\" \/><\/figure>\n\n\n\n<figure class=\"wp-block-image size-large\"><img loading=\"lazy\" decoding=\"async\" width=\"768\" height=\"1024\" data-id=\"562\" src=\"https:\/\/www.revista-insaiguaviva.org\/curs2023-2024\/wp-content\/uploads\/2024\/04\/1713544040097-768x1024.jpg\" alt=\"\" class=\"wp-image-562\" srcset=\"https:\/\/www.revista-insaiguaviva.org\/curs2023-2024\/wp-content\/uploads\/2024\/04\/1713544040097-768x1024.jpg 768w, https:\/\/www.revista-insaiguaviva.org\/curs2023-2024\/wp-content\/uploads\/2024\/04\/1713544040097-225x300.jpg 225w, https:\/\/www.revista-insaiguaviva.org\/curs2023-2024\/wp-content\/uploads\/2024\/04\/1713544040097-1152x1536.jpg 1152w, https:\/\/www.revista-insaiguaviva.org\/curs2023-2024\/wp-content\/uploads\/2024\/04\/1713544040097-1536x2048.jpg 1536w, https:\/\/www.revista-insaiguaviva.org\/curs2023-2024\/wp-content\/uploads\/2024\/04\/1713544040097-scaled.jpg 1920w\" sizes=\"auto, (max-width: 767px) 89vw, (max-width: 1000px) 54vw, (max-width: 1071px) 543px, 580px\" \/><\/figure>\n<\/figure>\n\n\n\n<figure class=\"wp-block-image size-large\"><img loading=\"lazy\" decoding=\"async\" width=\"1024\" height=\"768\" src=\"https:\/\/www.revista-insaiguaviva.org\/curs2023-2024\/wp-content\/uploads\/2024\/04\/1713544040110-1024x768.jpg\" alt=\"\" class=\"wp-image-563\" srcset=\"https:\/\/www.revista-insaiguaviva.org\/curs2023-2024\/wp-content\/uploads\/2024\/04\/1713544040110-1024x768.jpg 1024w, https:\/\/www.revista-insaiguaviva.org\/curs2023-2024\/wp-content\/uploads\/2024\/04\/1713544040110-300x225.jpg 300w, https:\/\/www.revista-insaiguaviva.org\/curs2023-2024\/wp-content\/uploads\/2024\/04\/1713544040110-768x576.jpg 768w, https:\/\/www.revista-insaiguaviva.org\/curs2023-2024\/wp-content\/uploads\/2024\/04\/1713544040110-1536x1152.jpg 1536w, https:\/\/www.revista-insaiguaviva.org\/curs2023-2024\/wp-content\/uploads\/2024\/04\/1713544040110.jpg 2048w\" sizes=\"auto, (max-width: 767px) 89vw, (max-width: 1000px) 54vw, (max-width: 1071px) 543px, 580px\" \/><\/figure>\n\n\n\n<p>Podeu llegir la not\u00edcia a la web de Vall\u00e8s Visi\u00f3 clicant <a href=\"https:\/\/www.vallesvisio.cat\/prop-de-40-joves-shan-reunit-a-la-primera-accio-participativa-del-nou-pla-local-de-joventut-de-mollet\/\">aqu\u00ed<\/a>. <\/p>\n","protected":false},"excerpt":{"rendered":"<p>Les delegades de primer i segon de batxillerat van assistir dijous, divuit d&#8217;abril, a la Jornada de Delegats i delegades que s&#8217;organitz\u00e0 dins del nou Pla Local de Joventut de Mollet per con\u00e8ixer de primera m\u00e0 la visi\u00f3 de la ciutat que tenen els joves. Aquesta jornada estava adre\u00e7ada als joves de 12 a 18 &hellip; <\/p>\n<p class=\"link-more\"><a href=\"https:\/\/www.revista-insaiguaviva.org\/curs2023-2024\/2024\/04\/19\/pla-local-de-joventut-de-mollet\/\" class=\"more-link\">Continua llegint <span class=\"screen-reader-text\">\u00abPla Local de Joventut de Mollet\u00bb<\/span><\/a><\/p>\n","protected":false},"author":2,"featured_media":0,"comment_status":"open","ping_status":"open","sticky":false,"template":"","format":"standard","meta":{"footnotes":""},"categories":[29,92],"tags":[],"class_list":["post-560","post","type-post","status-publish","format-standard","hentry","category-noticies","category-pla-local-de-joventut-de-mollet"],"_links":{"self":[{"href":"https:\/\/www.revista-insaiguaviva.org\/curs2023-2024\/wp-json\/wp\/v2\/posts\/560","targetHints":{"allow":["GET"]}}],"collection":[{"href":"https:\/\/www.revista-insaiguaviva.org\/curs2023-2024\/wp-json\/wp\/v2\/posts"}],"about":[{"href":"https:\/\/www.revista-insaiguaviva.org\/curs2023-2024\/wp-json\/wp\/v2\/types\/post"}],"author":[{"embeddable":true,"href":"https:\/\/www.revista-insaiguaviva.org\/curs2023-2024\/wp-json\/wp\/v2\/users\/2"}],"replies":[{"embeddable":true,"href":"https:\/\/www.revista-insaiguaviva.org\/curs2023-2024\/wp-json\/wp\/v2\/comments?post=560"}],"version-history":[{"count":1,"href":"https:\/\/www.revista-insaiguaviva.org\/curs2023-2024\/wp-json\/wp\/v2\/posts\/560\/revisions"}],"predecessor-version":[{"id":564,"href":"https:\/\/www.revista-insaiguaviva.org\/curs2023-2024\/wp-json\/wp\/v2\/posts\/560\/revisions\/564"}],"wp:attachment":[{"href":"https:\/\/www.revista-insaiguaviva.org\/curs2023-2024\/wp-json\/wp\/v2\/media?parent=560"}],"wp:term":[{"taxonomy":"category","embeddable":true,"href":"https:\/\/www.revista-insaiguaviva.org\/curs2023-2024\/wp-json\/wp\/v2\/categories?post=560"},{"taxonomy":"post_tag","embeddable":true,"href":"https:\/\/www.revista-insaiguaviva.org\/curs2023-2024\/wp-json\/wp\/v2\/tags?post=560"}],"curies":[{"name":"wp","href":"https:\/\/api.w.org\/{rel}","templated":true}]}}