{"id":679,"date":"2024-05-20T21:01:40","date_gmt":"2024-05-20T19:01:40","guid":{"rendered":"https:\/\/www.revista-insaiguaviva.org\/curs2023-2024\/?p=679"},"modified":"2024-05-20T21:02:43","modified_gmt":"2024-05-20T19:02:43","slug":"17-de-maig-dia-contra-la-lgtbifobia","status":"publish","type":"post","link":"https:\/\/www.revista-insaiguaviva.org\/curs2023-2024\/2024\/05\/20\/17-de-maig-dia-contra-la-lgtbifobia\/","title":{"rendered":"17 de maig: Dia contra la LGTBIf\u00f2bia"},"content":{"rendered":"\n<p>Divendres, 17 de maig, \u00e9s el Dia Internacional contra la LGTBIf\u00f2bia. L&#8217;Ajuntament de Mollet ha commemorat aquesta diada amb la lectura d&#8217;un manifest institucional contra la LGTBIf\u00f2bia. A l&#8217;acte han assistit, entre d&#8217;altres, la Mireia Dionisio, alcaldessa de Mollet; la Noa Monr\u00e0s, regidora LGTBI; i el David Carvajar, membre de l&#8217;associaci\u00f3 molletana Stonewall.<\/p>\n\n\n\n<p>Despr\u00e8s de la lectura del manifest,\u00a0l&#8217;alumnat de cicles d\u2019Integraci\u00f3 Social i Educaci\u00f3 Infantil de l&#8217;Institut Gallecs ha fet una performance.<\/p>\n\n\n\n<p>Tamb\u00e9 ha participat en l\u2019acte l\u2019alumnat de secund\u00e0ria de l\u2019institut Mollet, del Vicen\u00e7 Plantada, del Centre d\u2019Estudis Mollet, del Sant Gervasi, de l\u2019institut Aiguaviva i de Lestonnac.<\/p>\n\n\n\n<figure class=\"wp-block-gallery has-nested-images columns-default is-cropped wp-block-gallery-1 is-layout-flex wp-block-gallery-is-layout-flex\">\n<figure class=\"wp-block-image size-large\"><img loading=\"lazy\" decoding=\"async\" width=\"1024\" height=\"768\" data-id=\"681\" src=\"https:\/\/www.revista-insaiguaviva.org\/curs2023-2024\/wp-content\/uploads\/2024\/05\/1716230800403-1024x768.jpg\" alt=\"\" class=\"wp-image-681\" srcset=\"https:\/\/www.revista-insaiguaviva.org\/curs2023-2024\/wp-content\/uploads\/2024\/05\/1716230800403-1024x768.jpg 1024w, https:\/\/www.revista-insaiguaviva.org\/curs2023-2024\/wp-content\/uploads\/2024\/05\/1716230800403-300x225.jpg 300w, https:\/\/www.revista-insaiguaviva.org\/curs2023-2024\/wp-content\/uploads\/2024\/05\/1716230800403-768x576.jpg 768w, https:\/\/www.revista-insaiguaviva.org\/curs2023-2024\/wp-content\/uploads\/2024\/05\/1716230800403-1536x1152.jpg 1536w, https:\/\/www.revista-insaiguaviva.org\/curs2023-2024\/wp-content\/uploads\/2024\/05\/1716230800403.jpg 2048w\" sizes=\"auto, (max-width: 767px) 89vw, (max-width: 1000px) 54vw, (max-width: 1071px) 543px, 580px\" \/><\/figure>\n\n\n\n<figure class=\"wp-block-image size-large\"><img loading=\"lazy\" decoding=\"async\" width=\"1024\" height=\"768\" data-id=\"682\" src=\"https:\/\/www.revista-insaiguaviva.org\/curs2023-2024\/wp-content\/uploads\/2024\/05\/1716230800412-1-1024x768.jpg\" alt=\"\" class=\"wp-image-682\" srcset=\"https:\/\/www.revista-insaiguaviva.org\/curs2023-2024\/wp-content\/uploads\/2024\/05\/1716230800412-1-1024x768.jpg 1024w, https:\/\/www.revista-insaiguaviva.org\/curs2023-2024\/wp-content\/uploads\/2024\/05\/1716230800412-1-300x225.jpg 300w, https:\/\/www.revista-insaiguaviva.org\/curs2023-2024\/wp-content\/uploads\/2024\/05\/1716230800412-1-768x576.jpg 768w, https:\/\/www.revista-insaiguaviva.org\/curs2023-2024\/wp-content\/uploads\/2024\/05\/1716230800412-1-1536x1152.jpg 1536w, https:\/\/www.revista-insaiguaviva.org\/curs2023-2024\/wp-content\/uploads\/2024\/05\/1716230800412-1.jpg 2048w\" sizes=\"auto, (max-width: 767px) 89vw, (max-width: 1000px) 54vw, (max-width: 1071px) 543px, 580px\" \/><\/figure>\n<\/figure>\n\n\n\n<p>Podeu veure algunes fotos clicant<a href=\"https:\/\/photos.app.goo.gl\/VZsPLBQFr7jJfmQb7\" target=\"_blank\" rel=\"noreferrer noopener\"> aqu\u00ed. <\/a><\/p>\n","protected":false},"excerpt":{"rendered":"<p>Divendres, 17 de maig, \u00e9s el Dia Internacional contra la LGTBIf\u00f2bia. L&#8217;Ajuntament de Mollet ha commemorat aquesta diada amb la lectura d&#8217;un manifest institucional contra la LGTBIf\u00f2bia. A l&#8217;acte han assistit, entre d&#8217;altres, la Mireia Dionisio, alcaldessa de Mollet; la Noa Monr\u00e0s, regidora LGTBI; i el David Carvajar, membre de l&#8217;associaci\u00f3 molletana Stonewall. Despr\u00e8s de &hellip; <\/p>\n<p class=\"link-more\"><a href=\"https:\/\/www.revista-insaiguaviva.org\/curs2023-2024\/2024\/05\/20\/17-de-maig-dia-contra-la-lgtbifobia\/\" class=\"more-link\">Continua llegint <span class=\"screen-reader-text\">\u00ab17 de maig: Dia contra la LGTBIf\u00f2bia\u00bb<\/span><\/a><\/p>\n","protected":false},"author":2,"featured_media":0,"comment_status":"open","ping_status":"open","sticky":false,"template":"","format":"standard","meta":{"footnotes":""},"categories":[95,29],"tags":[],"class_list":["post-679","post","type-post","status-publish","format-standard","hentry","category-dia-contra-la-lgtbifobia","category-noticies"],"_links":{"self":[{"href":"https:\/\/www.revista-insaiguaviva.org\/curs2023-2024\/wp-json\/wp\/v2\/posts\/679","targetHints":{"allow":["GET"]}}],"collection":[{"href":"https:\/\/www.revista-insaiguaviva.org\/curs2023-2024\/wp-json\/wp\/v2\/posts"}],"about":[{"href":"https:\/\/www.revista-insaiguaviva.org\/curs2023-2024\/wp-json\/wp\/v2\/types\/post"}],"author":[{"embeddable":true,"href":"https:\/\/www.revista-insaiguaviva.org\/curs2023-2024\/wp-json\/wp\/v2\/users\/2"}],"replies":[{"embeddable":true,"href":"https:\/\/www.revista-insaiguaviva.org\/curs2023-2024\/wp-json\/wp\/v2\/comments?post=679"}],"version-history":[{"count":2,"href":"https:\/\/www.revista-insaiguaviva.org\/curs2023-2024\/wp-json\/wp\/v2\/posts\/679\/revisions"}],"predecessor-version":[{"id":684,"href":"https:\/\/www.revista-insaiguaviva.org\/curs2023-2024\/wp-json\/wp\/v2\/posts\/679\/revisions\/684"}],"wp:attachment":[{"href":"https:\/\/www.revista-insaiguaviva.org\/curs2023-2024\/wp-json\/wp\/v2\/media?parent=679"}],"wp:term":[{"taxonomy":"category","embeddable":true,"href":"https:\/\/www.revista-insaiguaviva.org\/curs2023-2024\/wp-json\/wp\/v2\/categories?post=679"},{"taxonomy":"post_tag","embeddable":true,"href":"https:\/\/www.revista-insaiguaviva.org\/curs2023-2024\/wp-json\/wp\/v2\/tags?post=679"}],"curies":[{"name":"wp","href":"https:\/\/api.w.org\/{rel}","templated":true}]}}