{"id":111,"date":"2024-10-05T20:20:43","date_gmt":"2024-10-05T18:20:43","guid":{"rendered":"https:\/\/www.revista-insaiguaviva.org\/curs2024-2025\/?p=111"},"modified":"2024-10-05T20:21:25","modified_gmt":"2024-10-05T18:21:25","slug":"taller-de-glossa-i-rumba","status":"publish","type":"post","link":"https:\/\/www.revista-insaiguaviva.org\/curs2024-2025\/2024\/10\/05\/taller-de-glossa-i-rumba\/","title":{"rendered":"Taller de Glosa i Rumba"},"content":{"rendered":"\n<p>El passat dilluns, 30 de setembre, l&#8217;alumnat de 4t d&#8217;ESO que cursa l&#8217;optativa de m\u00fasica va participar en un taller de Glosa i Rumba. \u00c9s un taller divertit i din\u00e0mic, la finalitat principal del qual \u00e9s refor\u00e7ar la part oral de la llengua amb la m\u00fasica.<\/p>\n\n\n\n<figure class=\"wp-block-image size-large\"><img loading=\"lazy\" decoding=\"async\" width=\"1024\" height=\"768\" src=\"https:\/\/www.revista-insaiguaviva.org\/curs2024-2025\/wp-content\/uploads\/2024\/10\/1727727071763-1024x768.jpg\" alt=\"\" class=\"wp-image-112\" srcset=\"https:\/\/www.revista-insaiguaviva.org\/curs2024-2025\/wp-content\/uploads\/2024\/10\/1727727071763-1024x768.jpg 1024w, https:\/\/www.revista-insaiguaviva.org\/curs2024-2025\/wp-content\/uploads\/2024\/10\/1727727071763-300x225.jpg 300w, https:\/\/www.revista-insaiguaviva.org\/curs2024-2025\/wp-content\/uploads\/2024\/10\/1727727071763-768x576.jpg 768w, https:\/\/www.revista-insaiguaviva.org\/curs2024-2025\/wp-content\/uploads\/2024\/10\/1727727071763-1536x1152.jpg 1536w, https:\/\/www.revista-insaiguaviva.org\/curs2024-2025\/wp-content\/uploads\/2024\/10\/1727727071763.jpg 2048w\" sizes=\"auto, (max-width: 767px) 89vw, (max-width: 1000px) 54vw, (max-width: 1071px) 543px, 580px\" \/><\/figure>\n\n\n\n<p>Podeu veure algunes fotos del taller clicant <a href=\"https:\/\/photos.app.goo.gl\/YdVtFMoyBh5qZcau8\">aqu\u00ed<\/a>. <\/p>\n\n\n\n<p>&nbsp;<\/p>\n","protected":false},"excerpt":{"rendered":"<p>El passat dilluns, 30 de setembre, l&#8217;alumnat de 4t d&#8217;ESO que cursa l&#8217;optativa de m\u00fasica va participar en un taller de Glosa i Rumba. \u00c9s un taller divertit i din\u00e0mic, la finalitat principal del qual \u00e9s refor\u00e7ar la part oral de la llengua amb la m\u00fasica. Podeu veure algunes fotos del taller clicant aqu\u00ed. &nbsp;<\/p>\n","protected":false},"author":2,"featured_media":0,"comment_status":"open","ping_status":"open","sticky":false,"template":"","format":"standard","meta":{"footnotes":""},"categories":[4,13,39],"tags":[],"class_list":["post-111","post","type-post","status-publish","format-standard","hentry","category-activitats","category-musica","category-taller-de-glossa-i-rumba-4-eso"],"_links":{"self":[{"href":"https:\/\/www.revista-insaiguaviva.org\/curs2024-2025\/wp-json\/wp\/v2\/posts\/111","targetHints":{"allow":["GET"]}}],"collection":[{"href":"https:\/\/www.revista-insaiguaviva.org\/curs2024-2025\/wp-json\/wp\/v2\/posts"}],"about":[{"href":"https:\/\/www.revista-insaiguaviva.org\/curs2024-2025\/wp-json\/wp\/v2\/types\/post"}],"author":[{"embeddable":true,"href":"https:\/\/www.revista-insaiguaviva.org\/curs2024-2025\/wp-json\/wp\/v2\/users\/2"}],"replies":[{"embeddable":true,"href":"https:\/\/www.revista-insaiguaviva.org\/curs2024-2025\/wp-json\/wp\/v2\/comments?post=111"}],"version-history":[{"count":3,"href":"https:\/\/www.revista-insaiguaviva.org\/curs2024-2025\/wp-json\/wp\/v2\/posts\/111\/revisions"}],"predecessor-version":[{"id":116,"href":"https:\/\/www.revista-insaiguaviva.org\/curs2024-2025\/wp-json\/wp\/v2\/posts\/111\/revisions\/116"}],"wp:attachment":[{"href":"https:\/\/www.revista-insaiguaviva.org\/curs2024-2025\/wp-json\/wp\/v2\/media?parent=111"}],"wp:term":[{"taxonomy":"category","embeddable":true,"href":"https:\/\/www.revista-insaiguaviva.org\/curs2024-2025\/wp-json\/wp\/v2\/categories?post=111"},{"taxonomy":"post_tag","embeddable":true,"href":"https:\/\/www.revista-insaiguaviva.org\/curs2024-2025\/wp-json\/wp\/v2\/tags?post=111"}],"curies":[{"name":"wp","href":"https:\/\/api.w.org\/{rel}","templated":true}]}}