{"id":331,"date":"2025-04-30T18:18:39","date_gmt":"2025-04-30T16:18:39","guid":{"rendered":"https:\/\/www.revista-insaiguaviva.org\/curs2024-2025\/?p=331"},"modified":"2025-05-17T14:33:00","modified_gmt":"2025-05-17T12:33:00","slug":"diada-de-sant-jordi","status":"publish","type":"post","link":"https:\/\/www.revista-insaiguaviva.org\/curs2024-2025\/2025\/04\/30\/diada-de-sant-jordi\/","title":{"rendered":"Diada de Sant Jordi"},"content":{"rendered":"\n<p>El passat 23 d&#8217;abril vam celebrar la Diada de Sant Jordi al pati del Calder\u00f3. La Num\u00eddia Chemlali i la X\u00e8nia Loor, de 4t A d&#8217;ESO, van ser les encarregades de presentar l&#8217;acte. <\/p>\n\n\n\n<p>Vam gaudir de l&#8217;actuaci\u00f3 del Nacho Tejada Mu\u00f1oz, de 1r d&#8217;ESO C, amb el saxo, i de l&#8217;Arnau Ferre Cerdan, amb la guitarra el\u00e8ctrica. Els alumnes de primer d&#8217;ESO, Noem\u00ed Estrella, Lauren Chaguendo, Alejandra Garrich i Biel Almendros van llegir alguns dels microcontes que han fet els alumnes de primer d&#8217;ESO a l&#8217;assignatura de llengua catalana. Les alumnes Salwa El Jazouli, Ruth Catal\u00e1n, Jana Illa i Aitana Lorente van llegir el poema <em>Les vacances<\/em>, un poema col.laboratiu de la classe de 1r C d&#8217;ESO.<\/p>\n\n\n\n<figure class=\"wp-block-gallery has-nested-images columns-default is-cropped wp-block-gallery-1 is-layout-flex wp-block-gallery-is-layout-flex\">\n<figure class=\"wp-block-image size-large\"><img loading=\"lazy\" decoding=\"async\" width=\"836\" height=\"627\" data-id=\"376\" src=\"https:\/\/www.revista-insaiguaviva.org\/curs2024-2025\/wp-content\/uploads\/2025\/04\/IMG_3583-2.jpg\" alt=\"\" class=\"wp-image-376\" srcset=\"https:\/\/www.revista-insaiguaviva.org\/curs2024-2025\/wp-content\/uploads\/2025\/04\/IMG_3583-2.jpg 836w, https:\/\/www.revista-insaiguaviva.org\/curs2024-2025\/wp-content\/uploads\/2025\/04\/IMG_3583-2-300x225.jpg 300w, https:\/\/www.revista-insaiguaviva.org\/curs2024-2025\/wp-content\/uploads\/2025\/04\/IMG_3583-2-768x576.jpg 768w\" sizes=\"auto, (max-width: 767px) 89vw, (max-width: 1000px) 54vw, (max-width: 1071px) 543px, 580px\" \/><\/figure>\n\n\n\n<figure class=\"wp-block-image size-large\"><img loading=\"lazy\" decoding=\"async\" width=\"771\" height=\"1024\" data-id=\"377\" src=\"https:\/\/www.revista-insaiguaviva.org\/curs2024-2025\/wp-content\/uploads\/2025\/04\/PXL_20250423_111338885-1-771x1024.jpg\" alt=\"\" class=\"wp-image-377\" srcset=\"https:\/\/www.revista-insaiguaviva.org\/curs2024-2025\/wp-content\/uploads\/2025\/04\/PXL_20250423_111338885-1-771x1024.jpg 771w, https:\/\/www.revista-insaiguaviva.org\/curs2024-2025\/wp-content\/uploads\/2025\/04\/PXL_20250423_111338885-1-226x300.jpg 226w, https:\/\/www.revista-insaiguaviva.org\/curs2024-2025\/wp-content\/uploads\/2025\/04\/PXL_20250423_111338885-1-768x1020.jpg 768w, https:\/\/www.revista-insaiguaviva.org\/curs2024-2025\/wp-content\/uploads\/2025\/04\/PXL_20250423_111338885-1-1156x1536.jpg 1156w, https:\/\/www.revista-insaiguaviva.org\/curs2024-2025\/wp-content\/uploads\/2025\/04\/PXL_20250423_111338885-1-1542x2048.jpg 1542w, https:\/\/www.revista-insaiguaviva.org\/curs2024-2025\/wp-content\/uploads\/2025\/04\/PXL_20250423_111338885-1-scaled.jpg 1927w\" sizes=\"auto, (max-width: 767px) 89vw, (max-width: 1000px) 54vw, (max-width: 1071px) 543px, 580px\" \/><\/figure>\n<\/figure>\n\n\n\n<p>L&#8217;HIba Soueley, alumna de l&#8217;Aula d&#8217;acollida, va llegir un poema en catal\u00e0. La Paula Arenas  i la J\u00falia Sotos, alumnes de segon d&#8217;ESO i de la SIEI, van fer entrega dels punts de llibre que han realitzat amb motiu de la Diada de Sant Jordi per a la Biblioteca del centre. <\/p>\n\n\n\n<figure class=\"wp-block-image size-large\"><img loading=\"lazy\" decoding=\"async\" width=\"1024\" height=\"768\" src=\"https:\/\/www.revista-insaiguaviva.org\/curs2024-2025\/wp-content\/uploads\/2025\/04\/1745427736456-1024x768.jpg\" alt=\"\" class=\"wp-image-379\" srcset=\"https:\/\/www.revista-insaiguaviva.org\/curs2024-2025\/wp-content\/uploads\/2025\/04\/1745427736456-1024x768.jpg 1024w, https:\/\/www.revista-insaiguaviva.org\/curs2024-2025\/wp-content\/uploads\/2025\/04\/1745427736456-300x225.jpg 300w, https:\/\/www.revista-insaiguaviva.org\/curs2024-2025\/wp-content\/uploads\/2025\/04\/1745427736456-768x576.jpg 768w, https:\/\/www.revista-insaiguaviva.org\/curs2024-2025\/wp-content\/uploads\/2025\/04\/1745427736456-1536x1152.jpg 1536w, https:\/\/www.revista-insaiguaviva.org\/curs2024-2025\/wp-content\/uploads\/2025\/04\/1745427736456.jpg 2048w\" sizes=\"auto, (max-width: 767px) 89vw, (max-width: 1000px) 54vw, (max-width: 1071px) 543px, 580px\" \/><\/figure>\n\n\n\n<p>Podeu veure algunes fotos de la celebraci\u00f3 de la Diada clicant <a href=\"https:\/\/photos.app.goo.gl\/SBLXPAVx5bePhrLV6\">aqu\u00ed<\/a>. <\/p>\n\n\n\n<p>Els guanyadors de les diferents categories i modalitats han estat els seg\u00fcents, podeu veure o llegir les obres premiades clicant a sobre del nom del guanyador.<\/p>\n\n\n\n<p><strong>CONCURS DE DIBUIX<\/strong><\/p>\n\n\n\n<figure class=\"wp-block-table\"><table class=\"has-fixed-layout\"><tbody><tr><td><strong>Modalitat<\/strong><\/td><td><strong>Nivell\/Categoria<\/strong><\/td><td><strong>NOM \/ OBRA<\/strong><\/td><\/tr><tr><td>Dibuix 3a categoria \u2013 1r premi<\/td><td>1r i 2n d\u2019ESO<\/td><td><a href=\"https:\/\/www.revista-insaiguaviva.org\/curs2024-2025\/saray-caballero-larribada-del-tauro-1r-eso-d\/\" target=\"_blank\" rel=\"noreferrer noopener\">Saray Caballero &#8211; <em>L\u2019arribada del taur\u00f3<\/em> &#8211; 1r ESO D<\/a><\/td><\/tr><tr><td>Dibuix 3a categoria \u2013 2n premi<\/td><td>1r i 2n d\u2019ESO<\/td><td><a href=\"https:\/\/www.revista-insaiguaviva.org\/curs2024-2025\/natalia-oller-la-llegenda-de-sant-jordi-1r-eso-d\/\" target=\"_blank\" rel=\"noreferrer noopener\">Natalia Oller &#8211; La llegenda de Sant Jordi &#8211; 1r ESO D<\/a><\/td><\/tr><tr><td>Dibuix 3a categoria \u2013 3r premi<\/td><td>1r i 2n d\u2019ESO<\/td><td><a href=\"https:\/\/www.revista-insaiguaviva.org\/curs2024-2025\/salwa-el-jazouli-el-desaparegut-1r-eso-c\/\" target=\"_blank\" rel=\"noreferrer noopener\">Salwa El Jazouli &#8211; <em>El desaparegut <\/em>&#8211; 1r ESO C<\/a><\/td><\/tr><tr><td>Dibuix 2a categoria&nbsp; 1r premi<\/td><td>3r i 4t d\u2019ESO<\/td><td><a href=\"https:\/\/www.revista-insaiguaviva.org\/curs2024-2025\/nisrin-badou-4t-eso-a\/\" target=\"_blank\" rel=\"noreferrer noopener\">Nisrin Badou &#8211; 4t ESO A<\/a><\/td><\/tr><tr><td>Dibuix 2a categoria \u2013 2n prem<\/td><td>3r i 4t d\u2019ESO<\/td><td><a href=\"https:\/\/www.revista-insaiguaviva.org\/curs2024-2025\/valeria-zagoreva-4t-eso-c\/\" target=\"_blank\" rel=\"noreferrer noopener\">Val\u00e8ria Zagoreva &#8211; 4t ESO C\u00a0<\/a>\u00a0<\/td><\/tr><tr><td>Dibuix 2a categoria \u2013 3r premi<\/td><td>3r i 4t d\u2019ESO<\/td><td>\u00a0<a href=\"https:\/\/www.revista-insaiguaviva.org\/curs2024-2025\/brenda-cunuhay-4t-eso-b\/\">Brenda Cunuhay &#8211; 4t ESO B<\/a><\/td><\/tr><tr><td>Dibuix 1a categoria \u2013 1r premi<\/td><td>1r i 2n BAT<\/td><td><a href=\"https:\/\/www.revista-insaiguaviva.org\/curs2024-2025\/enyi-qiu-1r-batx-a\/\" target=\"_blank\" rel=\"noreferrer noopener\">Enyi Qiu &#8211;&nbsp; 1r Batx A<\/a><\/td><\/tr><tr><td>Dibuix 1a categoria \u2013 2n premi<\/td><td>1r i 2n BAT<\/td><td>Desert<\/td><\/tr><\/tbody><\/table><\/figure>\n\n\n\n<p><strong>CONCURS CIENT\u00cdFICOTECNOL\u00d2GIC<\/strong><\/p>\n\n\n\n<figure class=\"wp-block-table\"><table class=\"has-fixed-layout\"><tbody><tr><td><strong>Modalitat<\/strong><\/td><td><strong>NOM \/ OBRA<\/strong><\/td><\/tr><tr><td>V\u00eddeo divulgatiu<\/td><td>Desert<\/td><\/tr><\/tbody><\/table><\/figure>\n\n\n\n<p><strong>CONCURS DE FOTOGRAFIA<\/strong> <strong>MATEM\u00c0TICA<\/strong><\/p>\n\n\n\n<figure class=\"wp-block-table\"><table class=\"has-fixed-layout\"><tbody><tr><td><strong>Modalitat<\/strong><\/td><td><strong>Nivell\/Categoria<\/strong><\/td><td><strong>NOM \/ OBRA<\/strong><\/td><\/tr><tr><td>Fotografia 3a categoria<\/td><td>1r i 2n ESO<\/td><td>Desert<\/td><\/tr><tr><td>Fotografia 2a categoria<\/td><td>3r i 4t ESO<\/td><td>Desert<\/td><\/tr><tr><td>Fotografia 1a categoria<\/td><td>1r i 2n BAT<\/td><td>Desert<\/td><\/tr><\/tbody><\/table><\/figure>\n\n\n\n<p><strong>CONCURS LITERARI EN LLENGUA CATALANA<\/strong><\/p>\n\n\n\n<figure class=\"wp-block-table\"><table class=\"has-fixed-layout\"><tbody><tr><td><strong>Modalitat<\/strong><\/td><td><strong>Nivell\/Categoria<\/strong><\/td><td><strong>NOM \/ OBRA<\/strong><\/td><\/tr><tr><td>Contes curts 3a categoria<\/td><td>1r ESO<\/td><td><a href=\"https:\/\/www.revista-insaiguaviva.org\/curs2024-2025\/tomas-ruiz-els-sorolls-i-dia-3\/\" target=\"_blank\" rel=\"noreferrer noopener\">Tom\u00e0s Ruiz &#8211; <em>Els sorolls<\/em> i <em>Dia 3<\/em><\/a><\/td><\/tr><tr><td>Poesia 3a categoria<\/td><td>1r i 2n ESO<\/td><td><a href=\"https:\/\/www.revista-insaiguaviva.org\/curs2024-2025\/poema-collaboratiu-classe-1r-c-les-vacances\/\" target=\"_blank\" rel=\"noreferrer noopener\">Poema col\u00b7laboratiu classe 1r C &#8211; <em>Les vacances<\/em><\/a><\/td><\/tr><tr><td>Auca 3a categoria<\/td><td>2n ESO<\/td><td>Auca col\u00b7laborativa &#8211; <em>Auca 2n ESO D<\/em><\/td><\/tr><tr><td>Haikus 2a categoria<\/td><td>3r ESO<\/td><td>&#8212;<\/td><\/tr><tr><td>Recitaci\u00f3 Poesia 2a categoria<\/td><td>4t ESO<\/td><td>\u00c0lex And\u00fajar \u2013 4t A<\/td><\/tr><\/tbody><\/table><\/figure>\n\n\n\n<p><strong>CONCURS LITERARI EN LLENGUA ANGLESA<\/strong><\/p>\n\n\n\n<figure class=\"wp-block-table\"><table class=\"has-fixed-layout\"><tbody><tr><td><strong>Modalitat<\/strong><\/td><td><strong>Nivell\/Categoria<\/strong><\/td><td><strong>NOM \/ OBRA<\/strong><\/td><\/tr><tr><td>Calligrama 3a categoria \u2013 1r premi<\/td><td>1r ESO<\/td><td><a href=\"https:\/\/www.revista-insaiguaviva.org\/curs2024-2025\/aitana-lorente-sanz-happy-saint-georges-day\/\" target=\"_blank\" rel=\"noreferrer noopener\">Aitana Lorente Sanz &#8211; <em>Happy Saint George\u2019s Day<\/em><\/a><\/td><\/tr><tr><td>Videopoema 3a categoria \u2013 2n premi<\/td><td>2n ESO<\/td><td><a href=\"https:\/\/www.revista-insaiguaviva.org\/curs2024-2025\/ruben-rivera-segura-i-sara-fernandez-torralba-a-bird-came-down-the-walk\/\" target=\"_blank\" rel=\"noreferrer noopener\">Ruben Rivera Segura i Sara Fern\u00e1ndez Torralba &#8211; <em>A bird came down the walk<\/em><\/a><\/td><\/tr><tr><td>Videopoema 2a categoria \u2013 1r premi<\/td><td>3r i 4t ESO<\/td><td><a href=\"https:\/\/www.revista-insaiguaviva.org\/curs2024-2025\/claudia-luque-now-we-are-in-april\/\" target=\"_blank\" rel=\"noreferrer noopener\">Claudia Luque &#8211; <em>Now we are in April<\/em><\/a><\/td><\/tr><tr><td>Videopoema 2a categoria \u2013 2n premi<\/td><td>3r i 4t ESO<\/td><td>Desert<\/td><\/tr><tr><td>Theater 1a categoria \u2013 1r premi<\/td><td>1r i 2n BAT<\/td><td>Desert<\/td><\/tr><tr><td>Theater 1a categoria \u2013 2n premi<\/td><td>1r i 2n BAT<\/td><td>Desert<\/td><\/tr><\/tbody><\/table><\/figure>\n\n\n\n<p><strong>CONCURS LITERARI EN LLENGUA FRANCESA<\/strong><\/p>\n\n\n\n<figure class=\"wp-block-table\"><table class=\"has-fixed-layout\"><tbody><tr><td><strong>Modalitat<\/strong><\/td><td><strong>Nivell\/Categoria<\/strong><\/td><td><strong>NOM \/ OBRA<\/strong><\/td><\/tr><tr><td>Videopoema 3a categoria \u2013 1r premi<\/td><td>1r i 2n ESO<\/td><td>Desert<\/td><\/tr><tr><td>Conte 2a categoria \u2013 1r premi<\/td><td>3r ESO<\/td><td><a href=\"https:\/\/www.revista-insaiguaviva.org\/curs2024-2025\/claudia-luque-i-ishtar-amodio-lami-et-lambitieux-roi\/\" target=\"_blank\" rel=\"noreferrer noopener\">Claudia Luque i Ishtar Amodio \/ L\u2019ami et l\u2019ambitieux roi<\/a><\/td><\/tr><tr><td>Conte 2a categoria \u2013 2n premi<\/td><td>3r ESO<\/td><td><a href=\"https:\/\/www.revista-insaiguaviva.org\/curs2024-2025\/laia-valencia-i-isabella-ramos-le-dragon-et-le-magicien\/\" target=\"_blank\" rel=\"noreferrer noopener\">Laia Val\u00e8ncia i Isabella Ramos \/ Le dragon et le magicien<\/a><\/td><\/tr><tr><td>Videopoema 2a categoria \u2013 1r premi<\/td><td>4t ESO<\/td><td>Desert<\/td><\/tr><tr><td>Videopoema 1a categoria \u2013 1r premi<\/td><td>1r i 2n BTX<\/td><td>Desert<\/td><\/tr><\/tbody><\/table><\/figure>\n\n\n\n<p><\/p>\n\n\n\n<p><\/p>\n\n\n\n<p><\/p>\n\n\n\n<p><\/p>\n","protected":false},"excerpt":{"rendered":"<p>El passat 23 d&#8217;abril vam celebrar la Diada de Sant Jordi al pati del Calder\u00f3. La Num\u00eddia Chemlali i la X\u00e8nia Loor, de 4t A d&#8217;ESO, van ser les encarregades de presentar l&#8217;acte. Vam gaudir de l&#8217;actuaci\u00f3 del Nacho Tejada Mu\u00f1oz, de 1r d&#8217;ESO C, amb el saxo, i de l&#8217;Arnau Ferre Cerdan, amb la &hellip; <\/p>\n<p class=\"link-more\"><a href=\"https:\/\/www.revista-insaiguaviva.org\/curs2024-2025\/2025\/04\/30\/diada-de-sant-jordi\/\" class=\"more-link\">Continua llegint <span class=\"screen-reader-text\">\u00abDiada de Sant Jordi\u00bb<\/span><\/a><\/p>\n","protected":false},"author":2,"featured_media":0,"comment_status":"open","ping_status":"open","sticky":false,"template":"","format":"standard","meta":{"footnotes":""},"categories":[23],"tags":[],"class_list":["post-331","post","type-post","status-publish","format-standard","hentry","category-sant-jordi-2025"],"_links":{"self":[{"href":"https:\/\/www.revista-insaiguaviva.org\/curs2024-2025\/wp-json\/wp\/v2\/posts\/331","targetHints":{"allow":["GET"]}}],"collection":[{"href":"https:\/\/www.revista-insaiguaviva.org\/curs2024-2025\/wp-json\/wp\/v2\/posts"}],"about":[{"href":"https:\/\/www.revista-insaiguaviva.org\/curs2024-2025\/wp-json\/wp\/v2\/types\/post"}],"author":[{"embeddable":true,"href":"https:\/\/www.revista-insaiguaviva.org\/curs2024-2025\/wp-json\/wp\/v2\/users\/2"}],"replies":[{"embeddable":true,"href":"https:\/\/www.revista-insaiguaviva.org\/curs2024-2025\/wp-json\/wp\/v2\/comments?post=331"}],"version-history":[{"count":16,"href":"https:\/\/www.revista-insaiguaviva.org\/curs2024-2025\/wp-json\/wp\/v2\/posts\/331\/revisions"}],"predecessor-version":[{"id":404,"href":"https:\/\/www.revista-insaiguaviva.org\/curs2024-2025\/wp-json\/wp\/v2\/posts\/331\/revisions\/404"}],"wp:attachment":[{"href":"https:\/\/www.revista-insaiguaviva.org\/curs2024-2025\/wp-json\/wp\/v2\/media?parent=331"}],"wp:term":[{"taxonomy":"category","embeddable":true,"href":"https:\/\/www.revista-insaiguaviva.org\/curs2024-2025\/wp-json\/wp\/v2\/categories?post=331"},{"taxonomy":"post_tag","embeddable":true,"href":"https:\/\/www.revista-insaiguaviva.org\/curs2024-2025\/wp-json\/wp\/v2\/tags?post=331"}],"curies":[{"name":"wp","href":"https:\/\/api.w.org\/{rel}","templated":true}]}}