{"id":407,"date":"2025-06-14T10:31:49","date_gmt":"2025-06-14T08:31:49","guid":{"rendered":"https:\/\/www.revista-insaiguaviva.org\/curs2024-2025\/?p=407"},"modified":"2025-06-14T12:18:36","modified_gmt":"2025-06-14T10:18:36","slug":"graduacio-4t-deso","status":"publish","type":"post","link":"https:\/\/www.revista-insaiguaviva.org\/curs2024-2025\/2025\/06\/14\/graduacio-4t-deso\/","title":{"rendered":"Graduaci\u00f3 4t d&#8217;ESO"},"content":{"rendered":"\n<p>El passat dijous, 5 de juny, l&#8217;alumnat de 4t d&#8217;ESO va celebrar la seva graduaci\u00f3 al Mercat Vell de Mollet. Aquesta promoci\u00f3, 2021-2025, \u00e9s l&#8217;onzena que es gradua al nostre centre.<\/p>\n\n\n\n<p>Us desitgem a tots i totes les alumnes molta sort i molta energia en aquesta nova etapa que comenceu i us convidem a visitar-nos de tant en tant per explicar-nos com us va.<\/p>\n\n\n\n<p>Fins aviat!<\/p>\n\n\n\n<figure class=\"wp-block-image size-large\"><img loading=\"lazy\" decoding=\"async\" width=\"1024\" height=\"769\" src=\"https:\/\/www.revista-insaiguaviva.org\/curs2024-2025\/wp-content\/uploads\/2025\/06\/1749889086613-1024x769.jpg\" alt=\"\" class=\"wp-image-408\" srcset=\"https:\/\/www.revista-insaiguaviva.org\/curs2024-2025\/wp-content\/uploads\/2025\/06\/1749889086613-1024x769.jpg 1024w, https:\/\/www.revista-insaiguaviva.org\/curs2024-2025\/wp-content\/uploads\/2025\/06\/1749889086613-300x225.jpg 300w, https:\/\/www.revista-insaiguaviva.org\/curs2024-2025\/wp-content\/uploads\/2025\/06\/1749889086613-768x577.jpg 768w, https:\/\/www.revista-insaiguaviva.org\/curs2024-2025\/wp-content\/uploads\/2025\/06\/1749889086613-1536x1153.jpg 1536w, https:\/\/www.revista-insaiguaviva.org\/curs2024-2025\/wp-content\/uploads\/2025\/06\/1749889086613-2048x1538.jpg 2048w\" sizes=\"auto, (max-width: 767px) 89vw, (max-width: 1000px) 54vw, (max-width: 1071px) 543px, 580px\" \/><\/figure>\n\n\n\n<p>Podeu veure algunes fotografies clicant <a href=\"https:\/\/photos.app.goo.gl\/5XzLFMaC1tdKbpuQA\" target=\"_blank\" rel=\"noreferrer noopener\">aqu\u00ed<\/a>.<\/p>\n","protected":false},"excerpt":{"rendered":"<p>El passat dijous, 5 de juny, l&#8217;alumnat de 4t d&#8217;ESO va celebrar la seva graduaci\u00f3 al Mercat Vell de Mollet. Aquesta promoci\u00f3, 2021-2025, \u00e9s l&#8217;onzena que es gradua al nostre centre. Us desitgem a tots i totes les alumnes molta sort i molta energia en aquesta nova etapa que comenceu i us convidem a visitar-nos &hellip; <\/p>\n<p class=\"link-more\"><a href=\"https:\/\/www.revista-insaiguaviva.org\/curs2024-2025\/2025\/06\/14\/graduacio-4t-deso\/\" class=\"more-link\">Continua llegint <span class=\"screen-reader-text\">\u00abGraduaci\u00f3 4t d&#8217;ESO\u00bb<\/span><\/a><\/p>\n","protected":false},"author":2,"featured_media":0,"comment_status":"open","ping_status":"open","sticky":false,"template":"","format":"standard","meta":{"footnotes":""},"categories":[20,25],"tags":[],"class_list":["post-407","post","type-post","status-publish","format-standard","hentry","category-celebracions","category-graduacio-4t-eso"],"_links":{"self":[{"href":"https:\/\/www.revista-insaiguaviva.org\/curs2024-2025\/wp-json\/wp\/v2\/posts\/407","targetHints":{"allow":["GET"]}}],"collection":[{"href":"https:\/\/www.revista-insaiguaviva.org\/curs2024-2025\/wp-json\/wp\/v2\/posts"}],"about":[{"href":"https:\/\/www.revista-insaiguaviva.org\/curs2024-2025\/wp-json\/wp\/v2\/types\/post"}],"author":[{"embeddable":true,"href":"https:\/\/www.revista-insaiguaviva.org\/curs2024-2025\/wp-json\/wp\/v2\/users\/2"}],"replies":[{"embeddable":true,"href":"https:\/\/www.revista-insaiguaviva.org\/curs2024-2025\/wp-json\/wp\/v2\/comments?post=407"}],"version-history":[{"count":3,"href":"https:\/\/www.revista-insaiguaviva.org\/curs2024-2025\/wp-json\/wp\/v2\/posts\/407\/revisions"}],"predecessor-version":[{"id":411,"href":"https:\/\/www.revista-insaiguaviva.org\/curs2024-2025\/wp-json\/wp\/v2\/posts\/407\/revisions\/411"}],"wp:attachment":[{"href":"https:\/\/www.revista-insaiguaviva.org\/curs2024-2025\/wp-json\/wp\/v2\/media?parent=407"}],"wp:term":[{"taxonomy":"category","embeddable":true,"href":"https:\/\/www.revista-insaiguaviva.org\/curs2024-2025\/wp-json\/wp\/v2\/categories?post=407"},{"taxonomy":"post_tag","embeddable":true,"href":"https:\/\/www.revista-insaiguaviva.org\/curs2024-2025\/wp-json\/wp\/v2\/tags?post=407"}],"curies":[{"name":"wp","href":"https:\/\/api.w.org\/{rel}","templated":true}]}}