{"id":447,"date":"2025-06-10T12:12:53","date_gmt":"2025-06-10T10:12:53","guid":{"rendered":"https:\/\/www.revista-insaiguaviva.org\/curs2024-2025\/?p=447"},"modified":"2025-07-18T12:21:34","modified_gmt":"2025-07-18T10:21:34","slug":"servei-comunitari-nutricio-i-esport","status":"publish","type":"post","link":"https:\/\/www.revista-insaiguaviva.org\/curs2024-2025\/2025\/06\/10\/servei-comunitari-nutricio-i-esport\/","title":{"rendered":"Servei comunitari Nutrici\u00f3 i esport"},"content":{"rendered":"\n<p>L&#8217;alumnat de 3r i 4t d&#8217;ESO que realitza el servei comunitari Nutrici\u00f3 i Esport va participar el passat dissabte, 7 de juny, en la &#8220;Caminada pel Medi Ambient&#8221; que organitza la Fundaci\u00f3 Sanit\u00e0ria Mollet.<\/p>\n\n\n\n<figure class=\"wp-block-image size-large\"><img loading=\"lazy\" decoding=\"async\" width=\"771\" height=\"1024\" src=\"https:\/\/www.revista-insaiguaviva.org\/curs2024-2025\/wp-content\/uploads\/2025\/07\/1752829382792-771x1024.jpg\" alt=\"\" class=\"wp-image-448\" srcset=\"https:\/\/www.revista-insaiguaviva.org\/curs2024-2025\/wp-content\/uploads\/2025\/07\/1752829382792-771x1024.jpg 771w, https:\/\/www.revista-insaiguaviva.org\/curs2024-2025\/wp-content\/uploads\/2025\/07\/1752829382792-226x300.jpg 226w, https:\/\/www.revista-insaiguaviva.org\/curs2024-2025\/wp-content\/uploads\/2025\/07\/1752829382792-768x1020.jpg 768w, https:\/\/www.revista-insaiguaviva.org\/curs2024-2025\/wp-content\/uploads\/2025\/07\/1752829382792-1157x1536.jpg 1157w, https:\/\/www.revista-insaiguaviva.org\/curs2024-2025\/wp-content\/uploads\/2025\/07\/1752829382792.jpg 1536w\" sizes=\"auto, (max-width: 767px) 89vw, (max-width: 1000px) 54vw, (max-width: 1071px) 543px, 580px\" \/><\/figure>\n\n\n\n<p>Podeu veure alguna fotografia m\u00e9s clicant <a href=\"https:\/\/photos.app.goo.gl\/e9Z8AeHP4VT6QZsk6\" target=\"_blank\" rel=\"noreferrer noopener\">aqu\u00ed<\/a>. <\/p>\n\n\n\n<p><\/p>\n","protected":false},"excerpt":{"rendered":"<p>L&#8217;alumnat de 3r i 4t d&#8217;ESO que realitza el servei comunitari Nutrici\u00f3 i Esport va participar el passat dissabte, 7 de juny, en la &#8220;Caminada pel Medi Ambient&#8221; que organitza la Fundaci\u00f3 Sanit\u00e0ria Mollet. Podeu veure alguna fotografia m\u00e9s clicant aqu\u00ed.<\/p>\n","protected":false},"author":2,"featured_media":0,"comment_status":"open","ping_status":"open","sticky":false,"template":"","format":"standard","meta":{"footnotes":""},"categories":[71,16],"tags":[],"class_list":["post-447","post","type-post","status-publish","format-standard","hentry","category-nutricio-i-esport","category-servei-comunitari"],"_links":{"self":[{"href":"https:\/\/www.revista-insaiguaviva.org\/curs2024-2025\/wp-json\/wp\/v2\/posts\/447","targetHints":{"allow":["GET"]}}],"collection":[{"href":"https:\/\/www.revista-insaiguaviva.org\/curs2024-2025\/wp-json\/wp\/v2\/posts"}],"about":[{"href":"https:\/\/www.revista-insaiguaviva.org\/curs2024-2025\/wp-json\/wp\/v2\/types\/post"}],"author":[{"embeddable":true,"href":"https:\/\/www.revista-insaiguaviva.org\/curs2024-2025\/wp-json\/wp\/v2\/users\/2"}],"replies":[{"embeddable":true,"href":"https:\/\/www.revista-insaiguaviva.org\/curs2024-2025\/wp-json\/wp\/v2\/comments?post=447"}],"version-history":[{"count":1,"href":"https:\/\/www.revista-insaiguaviva.org\/curs2024-2025\/wp-json\/wp\/v2\/posts\/447\/revisions"}],"predecessor-version":[{"id":450,"href":"https:\/\/www.revista-insaiguaviva.org\/curs2024-2025\/wp-json\/wp\/v2\/posts\/447\/revisions\/450"}],"wp:attachment":[{"href":"https:\/\/www.revista-insaiguaviva.org\/curs2024-2025\/wp-json\/wp\/v2\/media?parent=447"}],"wp:term":[{"taxonomy":"category","embeddable":true,"href":"https:\/\/www.revista-insaiguaviva.org\/curs2024-2025\/wp-json\/wp\/v2\/categories?post=447"},{"taxonomy":"post_tag","embeddable":true,"href":"https:\/\/www.revista-insaiguaviva.org\/curs2024-2025\/wp-json\/wp\/v2\/tags?post=447"}],"curies":[{"name":"wp","href":"https:\/\/api.w.org\/{rel}","templated":true}]}}