{"id":1,"date":"2025-09-13T19:05:42","date_gmt":"2025-09-13T17:05:42","guid":{"rendered":"https:\/\/www.revista-insaiguaviva.org\/curs2025-2026\/?p=1"},"modified":"2025-09-19T08:13:41","modified_gmt":"2025-09-19T06:13:41","slug":"hola-mon","status":"publish","type":"post","link":"https:\/\/www.revista-insaiguaviva.org\/curs2025-2026\/2025\/09\/13\/hola-mon\/","title":{"rendered":"Les primeres setmanes de curs"},"content":{"rendered":"\n<p>Ja ha arribat el setembre i, amb ell, l\u2019inici d\u2019un nou curs ple de reptes i retrobaments. Els passadissos de l\u2019institut tornen a omplir-se de rialles, converses i entusiasme.<\/p>\n\n\n\n<p>Els alumnes de <strong>1r d\u2019ESO<\/strong> van fent-se, a poc a poc, al nou centre, descobrint espais, professors i companys nous. <\/p>\n\n\n\n<p>Els de <strong>2n<\/strong> <strong>d&#8217;ESO<\/strong> ja tornen amb m\u00e9s seguretat i ganes de retrobar-se.<\/p>\n\n\n\n<p>Els de <strong>3r<\/strong> <strong>d&#8217;ESO<\/strong> afronten aquest curs amb nous projectes i experi\u00e8ncies que els faran cr\u00e9ixer. <\/p>\n\n\n\n<p>Els de <strong>4t<\/strong> <strong>d&#8217;ESO<\/strong> comencen a notar que el final de l\u2019etapa \u00e9s a prop i que caldr\u00e0 prendre decisions importants i aprofitar aquest \u00faltim any.<\/p>\n\n\n\n<p>Pel que fa als grans, els de <strong>batxillerat<\/strong>, que van comen\u00e7ar divendres, ja estan immersos de ple en aquesta primera setmana. Uns enceten el cam\u00ed amb curiositat i expectatives, i els altres, els de 2n, es preparen per viure el curs que posar\u00e0 punt i final a la seva etapa a l\u2019institut.<\/p>\n\n\n\n<p>Benvinguts i benvingudes a aquest nou any acad\u00e8mic. Entre tots farem que sigui un curs intens, ple de descobertes i moments per recordar!<\/p>\n\n\n\n<figure class=\"wp-block-image size-large is-resized\"><img loading=\"lazy\" decoding=\"async\" width=\"1024\" height=\"1024\" src=\"https:\/\/www.revista-insaiguaviva.org\/curs2025-2026\/wp-content\/uploads\/2025\/09\/image-1024x1024.png\" alt=\"\" class=\"wp-image-23\" style=\"width:537px;height:auto\" srcset=\"https:\/\/www.revista-insaiguaviva.org\/curs2025-2026\/wp-content\/uploads\/2025\/09\/image-1024x1024.png 1024w, https:\/\/www.revista-insaiguaviva.org\/curs2025-2026\/wp-content\/uploads\/2025\/09\/image-300x300.png 300w, https:\/\/www.revista-insaiguaviva.org\/curs2025-2026\/wp-content\/uploads\/2025\/09\/image-150x150.png 150w, https:\/\/www.revista-insaiguaviva.org\/curs2025-2026\/wp-content\/uploads\/2025\/09\/image-768x768.png 768w, https:\/\/www.revista-insaiguaviva.org\/curs2025-2026\/wp-content\/uploads\/2025\/09\/image-100x100.png 100w, https:\/\/www.revista-insaiguaviva.org\/curs2025-2026\/wp-content\/uploads\/2025\/09\/image.png 1280w\" sizes=\"auto, (max-width: 767px) 89vw, (max-width: 1000px) 54vw, (max-width: 1071px) 543px, 580px\" \/><\/figure>\n","protected":false},"excerpt":{"rendered":"<p>Ja ha arribat el setembre i, amb ell, l\u2019inici d\u2019un nou curs ple de reptes i retrobaments. Els passadissos de l\u2019institut tornen a omplir-se de rialles, converses i entusiasme. Els alumnes de 1r d\u2019ESO van fent-se, a poc a poc, al nou centre, descobrint espais, professors i companys nous. Els de 2n d&#8217;ESO ja tornen &hellip; <\/p>\n<p class=\"link-more\"><a href=\"https:\/\/www.revista-insaiguaviva.org\/curs2025-2026\/2025\/09\/13\/hola-mon\/\" class=\"more-link\">Continua llegint <span class=\"screen-reader-text\">\u00abLes primeres setmanes de curs\u00bb<\/span><\/a><\/p>\n","protected":false},"author":1,"featured_media":0,"comment_status":"open","ping_status":"open","sticky":false,"template":"","format":"standard","meta":{"footnotes":""},"categories":[8],"tags":[],"class_list":["post-1","post","type-post","status-publish","format-standard","hentry","category-noticies"],"_links":{"self":[{"href":"https:\/\/www.revista-insaiguaviva.org\/curs2025-2026\/wp-json\/wp\/v2\/posts\/1","targetHints":{"allow":["GET"]}}],"collection":[{"href":"https:\/\/www.revista-insaiguaviva.org\/curs2025-2026\/wp-json\/wp\/v2\/posts"}],"about":[{"href":"https:\/\/www.revista-insaiguaviva.org\/curs2025-2026\/wp-json\/wp\/v2\/types\/post"}],"author":[{"embeddable":true,"href":"https:\/\/www.revista-insaiguaviva.org\/curs2025-2026\/wp-json\/wp\/v2\/users\/1"}],"replies":[{"embeddable":true,"href":"https:\/\/www.revista-insaiguaviva.org\/curs2025-2026\/wp-json\/wp\/v2\/comments?post=1"}],"version-history":[{"count":3,"href":"https:\/\/www.revista-insaiguaviva.org\/curs2025-2026\/wp-json\/wp\/v2\/posts\/1\/revisions"}],"predecessor-version":[{"id":25,"href":"https:\/\/www.revista-insaiguaviva.org\/curs2025-2026\/wp-json\/wp\/v2\/posts\/1\/revisions\/25"}],"wp:attachment":[{"href":"https:\/\/www.revista-insaiguaviva.org\/curs2025-2026\/wp-json\/wp\/v2\/media?parent=1"}],"wp:term":[{"taxonomy":"category","embeddable":true,"href":"https:\/\/www.revista-insaiguaviva.org\/curs2025-2026\/wp-json\/wp\/v2\/categories?post=1"},{"taxonomy":"post_tag","embeddable":true,"href":"https:\/\/www.revista-insaiguaviva.org\/curs2025-2026\/wp-json\/wp\/v2\/tags?post=1"}],"curies":[{"name":"wp","href":"https:\/\/api.w.org\/{rel}","templated":true}]}}