{"id":255,"date":"2025-12-10T14:56:14","date_gmt":"2025-12-10T12:56:14","guid":{"rendered":"https:\/\/www.revista-insaiguaviva.org\/curs2025-2026\/?p=255"},"modified":"2025-12-10T14:56:14","modified_gmt":"2025-12-10T12:56:14","slug":"obra-de-teatre-mentida-materia-llengua-catalana-2n-eso-26-de-novembre","status":"publish","type":"post","link":"https:\/\/www.revista-insaiguaviva.org\/curs2025-2026\/2025\/12\/10\/obra-de-teatre-mentida-materia-llengua-catalana-2n-eso-26-de-novembre\/","title":{"rendered":"Obra de teatre Mentida, mat\u00e8ria llengua catalana 2n ESO &#8211; 26 de novembre\u00a0"},"content":{"rendered":"\n<p><em>Cr\u00f2nica de l\u00b4alumna L.M.R de 2n D<\/em><\/p>\n\n\n\n<p>El dimarts 4 de novembre de 2025 els alumnes de 2n d\u00b4ESO de l\u00b4Institut&nbsp;Aiguaviva vam anar a veure l\u00b4obra de teatre&nbsp;<em>Mentida&nbsp;<\/em>al teatre Can Gom\u00e0.&nbsp;<\/p>\n\n\n\n<p>L&#8217;obra \u00e9s una adaptaci\u00f3 teatral del llibre\u00a0<em>Mentida<\/em>.<\/p>\n\n\n\n<p>L&#8217;obra tracta sobre un noi, el Marcel, i una noia, la X\u00e8nia. Els dos es coneixen gr\u00e0cies a una ressenya del llibre<em>\u00a0&#8221; El Segador del Camp del S\u00e8gol &#8220;.\u00a0<\/em>A partir d\u00b4aquella ressenya, es van comen\u00e7ar a escriure fins que es van enamorar.\u00a0<\/p>\n\n\n\n<p>La X\u00e8nia volia veure al Marcel en persona per\u00f2 en Marcel no li vor dir on \u00e9s perqu\u00e8 est\u00e0 a un centre de menors. Al final la X\u00e8nia descobreix&nbsp;on est\u00e0 en Marcel i aconsegueix veure\u00b4l en persona.&nbsp;<\/p>\n\n\n\n<p>Al final de l\u00b4obra\u00a0vam fer un col\u00b7loqui on els alumnes vam poder resoldre els dubtes sobre l&#8217;obra.<\/p>\n","protected":false},"excerpt":{"rendered":"<p>Cr\u00f2nica de l\u00b4alumna L.M.R de 2n D El dimarts 4 de novembre de 2025 els alumnes de 2n d\u00b4ESO de l\u00b4Institut&nbsp;Aiguaviva vam anar a veure l\u00b4obra de teatre&nbsp;Mentida&nbsp;al teatre Can Gom\u00e0.&nbsp; L&#8217;obra \u00e9s una adaptaci\u00f3 teatral del llibre\u00a0Mentida. L&#8217;obra tracta sobre un noi, el Marcel, i una noia, la X\u00e8nia. Els dos es coneixen gr\u00e0cies &hellip; <\/p>\n<p class=\"link-more\"><a href=\"https:\/\/www.revista-insaiguaviva.org\/curs2025-2026\/2025\/12\/10\/obra-de-teatre-mentida-materia-llengua-catalana-2n-eso-26-de-novembre\/\" class=\"more-link\">Continua llegint <span class=\"screen-reader-text\">\u00abObra de teatre Mentida, mat\u00e8ria llengua catalana 2n ESO &#8211; 26 de novembre\u00a0\u00bb<\/span><\/a><\/p>\n","protected":false},"author":1,"featured_media":0,"comment_status":"open","ping_status":"open","sticky":false,"template":"","format":"standard","meta":{"footnotes":""},"categories":[17,5,57],"tags":[],"class_list":["post-255","post","type-post","status-publish","format-standard","hentry","category-llengua-catalana-i-literatura","category-sortides","category-teatre-2n-deso"],"_links":{"self":[{"href":"https:\/\/www.revista-insaiguaviva.org\/curs2025-2026\/wp-json\/wp\/v2\/posts\/255","targetHints":{"allow":["GET"]}}],"collection":[{"href":"https:\/\/www.revista-insaiguaviva.org\/curs2025-2026\/wp-json\/wp\/v2\/posts"}],"about":[{"href":"https:\/\/www.revista-insaiguaviva.org\/curs2025-2026\/wp-json\/wp\/v2\/types\/post"}],"author":[{"embeddable":true,"href":"https:\/\/www.revista-insaiguaviva.org\/curs2025-2026\/wp-json\/wp\/v2\/users\/1"}],"replies":[{"embeddable":true,"href":"https:\/\/www.revista-insaiguaviva.org\/curs2025-2026\/wp-json\/wp\/v2\/comments?post=255"}],"version-history":[{"count":1,"href":"https:\/\/www.revista-insaiguaviva.org\/curs2025-2026\/wp-json\/wp\/v2\/posts\/255\/revisions"}],"predecessor-version":[{"id":256,"href":"https:\/\/www.revista-insaiguaviva.org\/curs2025-2026\/wp-json\/wp\/v2\/posts\/255\/revisions\/256"}],"wp:attachment":[{"href":"https:\/\/www.revista-insaiguaviva.org\/curs2025-2026\/wp-json\/wp\/v2\/media?parent=255"}],"wp:term":[{"taxonomy":"category","embeddable":true,"href":"https:\/\/www.revista-insaiguaviva.org\/curs2025-2026\/wp-json\/wp\/v2\/categories?post=255"},{"taxonomy":"post_tag","embeddable":true,"href":"https:\/\/www.revista-insaiguaviva.org\/curs2025-2026\/wp-json\/wp\/v2\/tags?post=255"}],"curies":[{"name":"wp","href":"https:\/\/api.w.org\/{rel}","templated":true}]}}