{"id":353,"date":"2026-01-12T09:16:58","date_gmt":"2026-01-12T07:16:58","guid":{"rendered":"https:\/\/www.revista-insaiguaviva.org\/curs2025-2026\/?p=353"},"modified":"2026-01-12T09:16:58","modified_gmt":"2026-01-12T07:16:58","slug":"xerrada-del-divulgador-xavier-gimenez-9a-setmana-de-la-ciencia","status":"publish","type":"post","link":"https:\/\/www.revista-insaiguaviva.org\/curs2025-2026\/2026\/01\/12\/xerrada-del-divulgador-xavier-gimenez-9a-setmana-de-la-ciencia\/","title":{"rendered":"Xerrada del divulgador Xavier Gim\u00e9nez &#8211; 9a setmana de la ci\u00e8ncia"},"content":{"rendered":"\n<p>El passat divendres l&#8217;alumnat de 2n Batxillerat va assistir a la xerrada del divulgador Xavier Gim\u00e9nez com a \u00faltima activitat de la 9a setmana de la ci\u00e8ncia al nostre Institut.&nbsp; Aquesta confer\u00e8ncia forma part de les xerrades TOC-TOC que cada any s&#8217;organitzen al centre, en el cas d&#8217;aquest curs,&nbsp; per part del Grup de Recerca de Qu\u00edmica Computacional de la UB.&nbsp;<\/p>\n\n\n\n<p>Al llarg de la sessi\u00f3 el Xavier va explicar a l&#8217;alumnat que l&#8217;aigua \u00e9s una subst\u00e0ncia extraordin\u00e0ria. No podem entendre la nostra exist\u00e8ncia, ni la nostra civilitzaci\u00f3, sense el seu paper primordial. \u00c9s el compost m\u00e9s abundant a l&#8217;Univers, i el senyal m\u00e9s preuat en l\u2019exploraci\u00f3 de planetes. Tot i la seva import\u00e0ncia, \u00e9s una subst\u00e0ncia estranya, de la que es coneixen m\u00e9s de setanta propietats peculiars: \u00e9s gaireb\u00e9 l\u2019\u00fanic s\u00f2lid que flota en el seu l\u00edquid, per\u00f2 \u00e9s el que permet l\u2019abund\u00e0ncia de vida submarina; n\u2019hem de beure constantment, per\u00f2 pot ser la subst\u00e0ncia m\u00e9s corrosiva; \u00e9s un l\u00edquid que travessa gaireb\u00e9 tot, per\u00f2 pot ser un metall; l&#8217;aigua dol\u00e7a \u00e9s vital, l\u2019aigua salada ens fulmina; \u00e9s gaireb\u00e9 incolora, per\u00f2 a la natura ens mostra tots els colors\u2026Amb un discurs atractiu el Xavier va captar l&#8217;atenci\u00f3 de l&#8217;alumnat que va&nbsp;descobrir la faceta m\u00e9s cient\u00edfica d\u2019aquest element tant present a la cuina i a les nostres vides.<\/p>\n\n\n\n<figure class=\"wp-block-gallery has-nested-images columns-default is-cropped wp-block-gallery-1 is-layout-flex wp-block-gallery-is-layout-flex\">\n<figure class=\"wp-block-image size-large\"><img loading=\"lazy\" decoding=\"async\" width=\"1024\" height=\"771\" data-id=\"361\" src=\"https:\/\/www.revista-insaiguaviva.org\/curs2025-2026\/wp-content\/uploads\/2026\/01\/la-magia-de-l\u00b4aigua-1024x771.jpg\" alt=\"\" class=\"wp-image-361\" srcset=\"https:\/\/www.revista-insaiguaviva.org\/curs2025-2026\/wp-content\/uploads\/2026\/01\/la-magia-de-l\u00b4aigua-1024x771.jpg 1024w, https:\/\/www.revista-insaiguaviva.org\/curs2025-2026\/wp-content\/uploads\/2026\/01\/la-magia-de-l\u00b4aigua-300x226.jpg 300w, https:\/\/www.revista-insaiguaviva.org\/curs2025-2026\/wp-content\/uploads\/2026\/01\/la-magia-de-l\u00b4aigua-768x578.jpg 768w, https:\/\/www.revista-insaiguaviva.org\/curs2025-2026\/wp-content\/uploads\/2026\/01\/la-magia-de-l\u00b4aigua-1536x1157.jpg 1536w, https:\/\/www.revista-insaiguaviva.org\/curs2025-2026\/wp-content\/uploads\/2026\/01\/la-magia-de-l\u00b4aigua-2048x1542.jpg 2048w\" sizes=\"auto, (max-width: 767px) 89vw, (max-width: 1000px) 54vw, (max-width: 1071px) 543px, 580px\" \/><\/figure>\n\n\n\n<figure class=\"wp-block-image size-large\"><img loading=\"lazy\" decoding=\"async\" width=\"1024\" height=\"768\" data-id=\"360\" src=\"https:\/\/www.revista-insaiguaviva.org\/curs2025-2026\/wp-content\/uploads\/2026\/01\/2025-12-19-Xavier-Gimenez-Ins-Aiguaviva_2-1024x768.jpg\" alt=\"\" class=\"wp-image-360\" srcset=\"https:\/\/www.revista-insaiguaviva.org\/curs2025-2026\/wp-content\/uploads\/2026\/01\/2025-12-19-Xavier-Gimenez-Ins-Aiguaviva_2-1024x768.jpg 1024w, https:\/\/www.revista-insaiguaviva.org\/curs2025-2026\/wp-content\/uploads\/2026\/01\/2025-12-19-Xavier-Gimenez-Ins-Aiguaviva_2-300x225.jpg 300w, https:\/\/www.revista-insaiguaviva.org\/curs2025-2026\/wp-content\/uploads\/2026\/01\/2025-12-19-Xavier-Gimenez-Ins-Aiguaviva_2-768x576.jpg 768w, https:\/\/www.revista-insaiguaviva.org\/curs2025-2026\/wp-content\/uploads\/2026\/01\/2025-12-19-Xavier-Gimenez-Ins-Aiguaviva_2-1536x1152.jpg 1536w, https:\/\/www.revista-insaiguaviva.org\/curs2025-2026\/wp-content\/uploads\/2026\/01\/2025-12-19-Xavier-Gimenez-Ins-Aiguaviva_2-2048x1536.jpg 2048w\" sizes=\"auto, (max-width: 767px) 89vw, (max-width: 1000px) 54vw, (max-width: 1071px) 543px, 580px\" \/><\/figure>\n\n\n\n<figure class=\"wp-block-image size-large\"><img loading=\"lazy\" decoding=\"async\" width=\"1024\" height=\"768\" data-id=\"356\" src=\"https:\/\/www.revista-insaiguaviva.org\/curs2025-2026\/wp-content\/uploads\/2026\/01\/2025-12-19-Xavier-Gimenez-Ins-Aiguaviva_3-1024x768.jpg\" alt=\"\" class=\"wp-image-356\" srcset=\"https:\/\/www.revista-insaiguaviva.org\/curs2025-2026\/wp-content\/uploads\/2026\/01\/2025-12-19-Xavier-Gimenez-Ins-Aiguaviva_3-1024x768.jpg 1024w, https:\/\/www.revista-insaiguaviva.org\/curs2025-2026\/wp-content\/uploads\/2026\/01\/2025-12-19-Xavier-Gimenez-Ins-Aiguaviva_3-300x225.jpg 300w, https:\/\/www.revista-insaiguaviva.org\/curs2025-2026\/wp-content\/uploads\/2026\/01\/2025-12-19-Xavier-Gimenez-Ins-Aiguaviva_3-768x576.jpg 768w, https:\/\/www.revista-insaiguaviva.org\/curs2025-2026\/wp-content\/uploads\/2026\/01\/2025-12-19-Xavier-Gimenez-Ins-Aiguaviva_3-1536x1152.jpg 1536w, https:\/\/www.revista-insaiguaviva.org\/curs2025-2026\/wp-content\/uploads\/2026\/01\/2025-12-19-Xavier-Gimenez-Ins-Aiguaviva_3-2048x1536.jpg 2048w\" sizes=\"auto, (max-width: 767px) 89vw, (max-width: 1000px) 54vw, (max-width: 1071px) 543px, 580px\" \/><\/figure>\n\n\n\n<figure class=\"wp-block-image size-large\"><img loading=\"lazy\" decoding=\"async\" width=\"1024\" height=\"768\" data-id=\"358\" src=\"https:\/\/www.revista-insaiguaviva.org\/curs2025-2026\/wp-content\/uploads\/2026\/01\/2025-12-19-Xavier-Gimenez-Ins-Aiguaviva_4-1024x768.jpg\" alt=\"\" class=\"wp-image-358\" srcset=\"https:\/\/www.revista-insaiguaviva.org\/curs2025-2026\/wp-content\/uploads\/2026\/01\/2025-12-19-Xavier-Gimenez-Ins-Aiguaviva_4-1024x768.jpg 1024w, https:\/\/www.revista-insaiguaviva.org\/curs2025-2026\/wp-content\/uploads\/2026\/01\/2025-12-19-Xavier-Gimenez-Ins-Aiguaviva_4-300x225.jpg 300w, https:\/\/www.revista-insaiguaviva.org\/curs2025-2026\/wp-content\/uploads\/2026\/01\/2025-12-19-Xavier-Gimenez-Ins-Aiguaviva_4-768x576.jpg 768w, https:\/\/www.revista-insaiguaviva.org\/curs2025-2026\/wp-content\/uploads\/2026\/01\/2025-12-19-Xavier-Gimenez-Ins-Aiguaviva_4-1536x1152.jpg 1536w, https:\/\/www.revista-insaiguaviva.org\/curs2025-2026\/wp-content\/uploads\/2026\/01\/2025-12-19-Xavier-Gimenez-Ins-Aiguaviva_4-2048x1536.jpg 2048w\" sizes=\"auto, (max-width: 767px) 89vw, (max-width: 1000px) 54vw, (max-width: 1071px) 543px, 580px\" \/><\/figure>\n\n\n\n<figure class=\"wp-block-image size-large\"><img loading=\"lazy\" decoding=\"async\" width=\"1024\" height=\"768\" data-id=\"357\" src=\"https:\/\/www.revista-insaiguaviva.org\/curs2025-2026\/wp-content\/uploads\/2026\/01\/2025-12-19-Xavier-Gimenez-Ins-Aiguaviva_5-1024x768.jpg\" alt=\"\" class=\"wp-image-357\" srcset=\"https:\/\/www.revista-insaiguaviva.org\/curs2025-2026\/wp-content\/uploads\/2026\/01\/2025-12-19-Xavier-Gimenez-Ins-Aiguaviva_5-1024x768.jpg 1024w, https:\/\/www.revista-insaiguaviva.org\/curs2025-2026\/wp-content\/uploads\/2026\/01\/2025-12-19-Xavier-Gimenez-Ins-Aiguaviva_5-300x225.jpg 300w, https:\/\/www.revista-insaiguaviva.org\/curs2025-2026\/wp-content\/uploads\/2026\/01\/2025-12-19-Xavier-Gimenez-Ins-Aiguaviva_5-768x576.jpg 768w, https:\/\/www.revista-insaiguaviva.org\/curs2025-2026\/wp-content\/uploads\/2026\/01\/2025-12-19-Xavier-Gimenez-Ins-Aiguaviva_5-1536x1152.jpg 1536w, https:\/\/www.revista-insaiguaviva.org\/curs2025-2026\/wp-content\/uploads\/2026\/01\/2025-12-19-Xavier-Gimenez-Ins-Aiguaviva_5-2048x1536.jpg 2048w\" sizes=\"auto, (max-width: 767px) 89vw, (max-width: 1000px) 54vw, (max-width: 1071px) 543px, 580px\" \/><\/figure>\n\n\n\n<figure class=\"wp-block-image size-large\"><img loading=\"lazy\" decoding=\"async\" width=\"1024\" height=\"768\" data-id=\"359\" src=\"https:\/\/www.revista-insaiguaviva.org\/curs2025-2026\/wp-content\/uploads\/2026\/01\/2025-12-19-Xavier-Gimenez-Ins-Aiguaviva_6-1024x768.jpg\" alt=\"\" class=\"wp-image-359\" srcset=\"https:\/\/www.revista-insaiguaviva.org\/curs2025-2026\/wp-content\/uploads\/2026\/01\/2025-12-19-Xavier-Gimenez-Ins-Aiguaviva_6-1024x768.jpg 1024w, https:\/\/www.revista-insaiguaviva.org\/curs2025-2026\/wp-content\/uploads\/2026\/01\/2025-12-19-Xavier-Gimenez-Ins-Aiguaviva_6-300x225.jpg 300w, https:\/\/www.revista-insaiguaviva.org\/curs2025-2026\/wp-content\/uploads\/2026\/01\/2025-12-19-Xavier-Gimenez-Ins-Aiguaviva_6-768x576.jpg 768w, https:\/\/www.revista-insaiguaviva.org\/curs2025-2026\/wp-content\/uploads\/2026\/01\/2025-12-19-Xavier-Gimenez-Ins-Aiguaviva_6-1536x1152.jpg 1536w, https:\/\/www.revista-insaiguaviva.org\/curs2025-2026\/wp-content\/uploads\/2026\/01\/2025-12-19-Xavier-Gimenez-Ins-Aiguaviva_6-2048x1536.jpg 2048w\" sizes=\"auto, (max-width: 767px) 89vw, (max-width: 1000px) 54vw, (max-width: 1071px) 543px, 580px\" \/><\/figure>\n\n\n\n<figure class=\"wp-block-image size-large\"><img loading=\"lazy\" decoding=\"async\" width=\"190\" height=\"66\" data-id=\"354\" src=\"https:\/\/www.revista-insaiguaviva.org\/curs2025-2026\/wp-content\/uploads\/2026\/01\/image001.png\" alt=\"\" class=\"wp-image-354\"\/><\/figure>\n<\/figure>\n","protected":false},"excerpt":{"rendered":"<p>El passat divendres l&#8217;alumnat de 2n Batxillerat va assistir a la xerrada del divulgador Xavier Gim\u00e9nez com a \u00faltima activitat de la 9a setmana de la ci\u00e8ncia al nostre Institut.&nbsp; Aquesta confer\u00e8ncia forma part de les xerrades TOC-TOC que cada any s&#8217;organitzen al centre, en el cas d&#8217;aquest curs,&nbsp; per part del Grup de Recerca &hellip; <\/p>\n<p class=\"link-more\"><a href=\"https:\/\/www.revista-insaiguaviva.org\/curs2025-2026\/2026\/01\/12\/xerrada-del-divulgador-xavier-gimenez-9a-setmana-de-la-ciencia\/\" class=\"more-link\">Continua llegint <span class=\"screen-reader-text\">\u00abXerrada del divulgador Xavier Gim\u00e9nez &#8211; 9a setmana de la ci\u00e8ncia\u00bb<\/span><\/a><\/p>\n","protected":false},"author":1,"featured_media":0,"comment_status":"open","ping_status":"open","sticky":false,"template":"","format":"standard","meta":{"footnotes":""},"categories":[66,6,10,9,8],"tags":[],"class_list":["post-353","post","type-post","status-publish","format-standard","hentry","category-2n-de-batxillerat","category-activitats","category-ciencies-experimentals","category-ciencies-socials","category-noticies"],"_links":{"self":[{"href":"https:\/\/www.revista-insaiguaviva.org\/curs2025-2026\/wp-json\/wp\/v2\/posts\/353","targetHints":{"allow":["GET"]}}],"collection":[{"href":"https:\/\/www.revista-insaiguaviva.org\/curs2025-2026\/wp-json\/wp\/v2\/posts"}],"about":[{"href":"https:\/\/www.revista-insaiguaviva.org\/curs2025-2026\/wp-json\/wp\/v2\/types\/post"}],"author":[{"embeddable":true,"href":"https:\/\/www.revista-insaiguaviva.org\/curs2025-2026\/wp-json\/wp\/v2\/users\/1"}],"replies":[{"embeddable":true,"href":"https:\/\/www.revista-insaiguaviva.org\/curs2025-2026\/wp-json\/wp\/v2\/comments?post=353"}],"version-history":[{"count":1,"href":"https:\/\/www.revista-insaiguaviva.org\/curs2025-2026\/wp-json\/wp\/v2\/posts\/353\/revisions"}],"predecessor-version":[{"id":362,"href":"https:\/\/www.revista-insaiguaviva.org\/curs2025-2026\/wp-json\/wp\/v2\/posts\/353\/revisions\/362"}],"wp:attachment":[{"href":"https:\/\/www.revista-insaiguaviva.org\/curs2025-2026\/wp-json\/wp\/v2\/media?parent=353"}],"wp:term":[{"taxonomy":"category","embeddable":true,"href":"https:\/\/www.revista-insaiguaviva.org\/curs2025-2026\/wp-json\/wp\/v2\/categories?post=353"},{"taxonomy":"post_tag","embeddable":true,"href":"https:\/\/www.revista-insaiguaviva.org\/curs2025-2026\/wp-json\/wp\/v2\/tags?post=353"}],"curies":[{"name":"wp","href":"https:\/\/api.w.org\/{rel}","templated":true}]}}