{"id":481,"date":"2026-01-23T15:29:05","date_gmt":"2026-01-23T13:29:05","guid":{"rendered":"https:\/\/www.revista-insaiguaviva.org\/curs2025-2026\/?p=481"},"modified":"2026-01-26T10:47:36","modified_gmt":"2026-01-26T08:47:36","slug":"xerrada-sobre-el-projecte-un-granet-de-sorra","status":"publish","type":"post","link":"https:\/\/www.revista-insaiguaviva.org\/curs2025-2026\/2026\/01\/23\/xerrada-sobre-el-projecte-un-granet-de-sorra\/","title":{"rendered":"Xerrada sobre el projecte &#8220;Un granet de sorra&#8221;"},"content":{"rendered":"\n<p>Avui a 3r d\u2019ESO hem tingut una xerrada sobre la migraci\u00f3 for\u00e7osa dins del projecte &#8220;Un granet de sorra&#8221;.<\/p>\n\n\n\n<p>Ens ha vingut a veure Manel Llord, membre de Santa Perp\u00e8tua Solid\u00e0ria, una ONG fundada el 1997 que treballa per la cooperaci\u00f3 internacional, la superaci\u00f3 de les desigualtats i la sensibilitzaci\u00f3 de la societat del Nord sobre les realitats globals injustes de Sud.<\/p>\n\n\n\n<p>Amb exemples i experi\u00e8ncies reals, hem reflexionat sobre qu\u00e8 significa migrar for\u00e7osament, les seves causes i les dificultats que viuen les persones que ho experimenten.<\/p>\n\n\n\n<p>Seguim aprenent i obrint la mirada!<\/p>\n\n\n\n<figure class=\"wp-block-gallery has-nested-images columns-default is-cropped wp-block-gallery-1 is-layout-flex wp-block-gallery-is-layout-flex\">\n<figure class=\"wp-block-image size-large\"><img loading=\"lazy\" decoding=\"async\" width=\"461\" height=\"1024\" data-id=\"484\" src=\"https:\/\/www.revista-insaiguaviva.org\/curs2025-2026\/wp-content\/uploads\/2026\/01\/WhatsApp-Image-2026-01-23-at-11.47.03-461x1024.jpeg\" alt=\"\" class=\"wp-image-484\" srcset=\"https:\/\/www.revista-insaiguaviva.org\/curs2025-2026\/wp-content\/uploads\/2026\/01\/WhatsApp-Image-2026-01-23-at-11.47.03-461x1024.jpeg 461w, https:\/\/www.revista-insaiguaviva.org\/curs2025-2026\/wp-content\/uploads\/2026\/01\/WhatsApp-Image-2026-01-23-at-11.47.03-135x300.jpeg 135w, https:\/\/www.revista-insaiguaviva.org\/curs2025-2026\/wp-content\/uploads\/2026\/01\/WhatsApp-Image-2026-01-23-at-11.47.03-768x1708.jpeg 768w, https:\/\/www.revista-insaiguaviva.org\/curs2025-2026\/wp-content\/uploads\/2026\/01\/WhatsApp-Image-2026-01-23-at-11.47.03-691x1536.jpeg 691w, https:\/\/www.revista-insaiguaviva.org\/curs2025-2026\/wp-content\/uploads\/2026\/01\/WhatsApp-Image-2026-01-23-at-11.47.03.jpeg 921w\" sizes=\"auto, (max-width: 461px) 100vw, 461px\" \/><\/figure>\n\n\n\n<figure class=\"wp-block-image size-large\"><img loading=\"lazy\" decoding=\"async\" width=\"461\" height=\"1024\" data-id=\"483\" src=\"https:\/\/www.revista-insaiguaviva.org\/curs2025-2026\/wp-content\/uploads\/2026\/01\/WhatsApp-Image-2026-01-23-at-11.44.49-461x1024.jpeg\" alt=\"\" class=\"wp-image-483\" srcset=\"https:\/\/www.revista-insaiguaviva.org\/curs2025-2026\/wp-content\/uploads\/2026\/01\/WhatsApp-Image-2026-01-23-at-11.44.49-461x1024.jpeg 461w, https:\/\/www.revista-insaiguaviva.org\/curs2025-2026\/wp-content\/uploads\/2026\/01\/WhatsApp-Image-2026-01-23-at-11.44.49-135x300.jpeg 135w, https:\/\/www.revista-insaiguaviva.org\/curs2025-2026\/wp-content\/uploads\/2026\/01\/WhatsApp-Image-2026-01-23-at-11.44.49-768x1708.jpeg 768w, https:\/\/www.revista-insaiguaviva.org\/curs2025-2026\/wp-content\/uploads\/2026\/01\/WhatsApp-Image-2026-01-23-at-11.44.49-691x1536.jpeg 691w, https:\/\/www.revista-insaiguaviva.org\/curs2025-2026\/wp-content\/uploads\/2026\/01\/WhatsApp-Image-2026-01-23-at-11.44.49.jpeg 921w\" sizes=\"auto, (max-width: 461px) 100vw, 461px\" \/><\/figure>\n\n\n\n<figure class=\"wp-block-image size-large\"><img loading=\"lazy\" decoding=\"async\" width=\"461\" height=\"1024\" data-id=\"486\" src=\"https:\/\/www.revista-insaiguaviva.org\/curs2025-2026\/wp-content\/uploads\/2026\/01\/WhatsApp-Image-2026-01-23-at-11.44.16-1-461x1024.jpeg\" alt=\"\" class=\"wp-image-486\" srcset=\"https:\/\/www.revista-insaiguaviva.org\/curs2025-2026\/wp-content\/uploads\/2026\/01\/WhatsApp-Image-2026-01-23-at-11.44.16-1-461x1024.jpeg 461w, https:\/\/www.revista-insaiguaviva.org\/curs2025-2026\/wp-content\/uploads\/2026\/01\/WhatsApp-Image-2026-01-23-at-11.44.16-1-135x300.jpeg 135w, https:\/\/www.revista-insaiguaviva.org\/curs2025-2026\/wp-content\/uploads\/2026\/01\/WhatsApp-Image-2026-01-23-at-11.44.16-1-768x1708.jpeg 768w, https:\/\/www.revista-insaiguaviva.org\/curs2025-2026\/wp-content\/uploads\/2026\/01\/WhatsApp-Image-2026-01-23-at-11.44.16-1-691x1536.jpeg 691w, https:\/\/www.revista-insaiguaviva.org\/curs2025-2026\/wp-content\/uploads\/2026\/01\/WhatsApp-Image-2026-01-23-at-11.44.16-1.jpeg 921w\" sizes=\"auto, (max-width: 461px) 100vw, 461px\" \/><\/figure>\n\n\n\n<figure class=\"wp-block-image size-large\"><img loading=\"lazy\" decoding=\"async\" width=\"768\" height=\"1024\" data-id=\"487\" src=\"https:\/\/www.revista-insaiguaviva.org\/curs2025-2026\/wp-content\/uploads\/2026\/01\/IMG_0822-1-768x1024.jpeg\" alt=\"\" class=\"wp-image-487\" srcset=\"https:\/\/www.revista-insaiguaviva.org\/curs2025-2026\/wp-content\/uploads\/2026\/01\/IMG_0822-1-768x1024.jpeg 768w, https:\/\/www.revista-insaiguaviva.org\/curs2025-2026\/wp-content\/uploads\/2026\/01\/IMG_0822-1-225x300.jpeg 225w, https:\/\/www.revista-insaiguaviva.org\/curs2025-2026\/wp-content\/uploads\/2026\/01\/IMG_0822-1-1152x1536.jpeg 1152w, https:\/\/www.revista-insaiguaviva.org\/curs2025-2026\/wp-content\/uploads\/2026\/01\/IMG_0822-1-1536x2048.jpeg 1536w, https:\/\/www.revista-insaiguaviva.org\/curs2025-2026\/wp-content\/uploads\/2026\/01\/IMG_0822-1-scaled.jpeg 1920w\" sizes=\"auto, (max-width: 767px) 89vw, (max-width: 1000px) 54vw, (max-width: 1071px) 543px, 580px\" \/><\/figure>\n<\/figure>\n","protected":false},"excerpt":{"rendered":"<p>Avui a 3r d\u2019ESO hem tingut una xerrada sobre la migraci\u00f3 for\u00e7osa dins del projecte &#8220;Un granet de sorra&#8221;. Ens ha vingut a veure Manel Llord, membre de Santa Perp\u00e8tua Solid\u00e0ria, una ONG fundada el 1997 que treballa per la cooperaci\u00f3 internacional, la superaci\u00f3 de les desigualtats i la sensibilitzaci\u00f3 de la societat del Nord &hellip; <\/p>\n<p class=\"link-more\"><a href=\"https:\/\/www.revista-insaiguaviva.org\/curs2025-2026\/2026\/01\/23\/xerrada-sobre-el-projecte-un-granet-de-sorra\/\" class=\"more-link\">Continua llegint <span class=\"screen-reader-text\">\u00abXerrada sobre el projecte &#8220;Un granet de sorra&#8221;\u00bb<\/span><\/a><\/p>\n","protected":false},"author":2,"featured_media":0,"comment_status":"open","ping_status":"open","sticky":false,"template":"","format":"standard","meta":{"footnotes":""},"categories":[59,64,1,23],"tags":[],"class_list":["post-481","post","type-post","status-publish","format-standard","hentry","category-3r-eso","category-aula-dacollida","category-general","category-servei-comunitari"],"_links":{"self":[{"href":"https:\/\/www.revista-insaiguaviva.org\/curs2025-2026\/wp-json\/wp\/v2\/posts\/481","targetHints":{"allow":["GET"]}}],"collection":[{"href":"https:\/\/www.revista-insaiguaviva.org\/curs2025-2026\/wp-json\/wp\/v2\/posts"}],"about":[{"href":"https:\/\/www.revista-insaiguaviva.org\/curs2025-2026\/wp-json\/wp\/v2\/types\/post"}],"author":[{"embeddable":true,"href":"https:\/\/www.revista-insaiguaviva.org\/curs2025-2026\/wp-json\/wp\/v2\/users\/2"}],"replies":[{"embeddable":true,"href":"https:\/\/www.revista-insaiguaviva.org\/curs2025-2026\/wp-json\/wp\/v2\/comments?post=481"}],"version-history":[{"count":1,"href":"https:\/\/www.revista-insaiguaviva.org\/curs2025-2026\/wp-json\/wp\/v2\/posts\/481\/revisions"}],"predecessor-version":[{"id":488,"href":"https:\/\/www.revista-insaiguaviva.org\/curs2025-2026\/wp-json\/wp\/v2\/posts\/481\/revisions\/488"}],"wp:attachment":[{"href":"https:\/\/www.revista-insaiguaviva.org\/curs2025-2026\/wp-json\/wp\/v2\/media?parent=481"}],"wp:term":[{"taxonomy":"category","embeddable":true,"href":"https:\/\/www.revista-insaiguaviva.org\/curs2025-2026\/wp-json\/wp\/v2\/categories?post=481"},{"taxonomy":"post_tag","embeddable":true,"href":"https:\/\/www.revista-insaiguaviva.org\/curs2025-2026\/wp-json\/wp\/v2\/tags?post=481"}],"curies":[{"name":"wp","href":"https:\/\/api.w.org\/{rel}","templated":true}]}}