{"id":503,"date":"2026-01-28T12:02:57","date_gmt":"2026-01-28T10:02:57","guid":{"rendered":"https:\/\/www.revista-insaiguaviva.org\/curs2025-2026\/?p=503"},"modified":"2026-01-28T12:02:57","modified_gmt":"2026-01-28T10:02:57","slug":"torna-la-fira-de-ciencies-a-lies-aiguaviva","status":"publish","type":"post","link":"https:\/\/www.revista-insaiguaviva.org\/curs2025-2026\/2026\/01\/28\/torna-la-fira-de-ciencies-a-lies-aiguaviva\/","title":{"rendered":"Torna la Fira de Ci\u00e8ncies a l&#8217;IES Aiguaviva!"},"content":{"rendered":"\n<p>Benvolgudes fam\u00edlies,<\/p>\n\n\n\n<p>Des de l\u2019Institut Aiguaviva us convidem cordialment a assistir a la&nbsp;<strong>Fira de Ci\u00e8ncies i Rob\u00f2tica&nbsp;<\/strong>, organitzada pels alumnes de&nbsp;<strong>2n i 3r d\u2019ESO<\/strong>, que tindr\u00e0 lloc el&nbsp;<strong>dimarts 3 de febrer a les 17 h<\/strong>&nbsp;a la&nbsp;<strong>sala d\u2019actes de l\u2019edifici Rambla<\/strong>&nbsp;del nostre institut.<\/p>\n\n\n\n<p>Durant la fira, podreu con\u00e8ixer de primera m\u00e0 els\u00a0treballs de recerca i veure una exposici\u00f3 de\u00a0\u00a0rob\u00f2tica\u00a0que han dut a terme els alumnes 2n i 3r d&#8217;ESO. Ser\u00e0 una bona oportunitat per\u00a0fer-los preguntes, escoltar les seves explicacions i compartir amb ells la vostra percepci\u00f3 sobre la feina feta.\u00a0<\/p>\n\n\n\n<p>Enguany, hem volgut donar a la fira una\u00a0dimensi\u00f3 solid\u00e0ria\u00a0i col\u00b7laborarem amb l\u2019Hospital Sant Joan de D\u00e9u\u00a0mitjan\u00e7ant un\u00a0recapte ben\u00e8fic\u00a0que es far\u00e0 el mateix dia de la fira. La iniciativa porta per t\u00edtol\u00a0<strong>\u201cCaminem junts contra el c\u00e0ncer\u201d<\/strong>\u00a0i hi podreu participar adquirint\u00a0clauers artesanals\u00a0elaborats especialment per a l\u2019ocasi\u00f3 pels alumnes de l\u2019assignatura de\u00a0Laboratori Creatiu. Els diners recaptats es destinaran a la\u00a0investigaci\u00f3 per a la prevenci\u00f3 i la cura del c\u00e0ncer infantil.<\/p>\n\n\n\n<p>Us animem a participar-hi i a compartir amb nosaltres aquesta jornada, que ben segur ser\u00e0 un\u00a0gran dia per a tota la nostra comunitat educativa!<\/p>\n\n\n\n<p>Rebeu una cordial salutaci\u00f3 i ens veiem entre provetes i robots!!!<\/p>\n\n\n\n<figure class=\"wp-block-gallery has-nested-images columns-default is-cropped wp-block-gallery-1 is-layout-flex wp-block-gallery-is-layout-flex\">\n<figure class=\"wp-block-image size-large\"><img loading=\"lazy\" decoding=\"async\" width=\"724\" height=\"1024\" data-id=\"505\" src=\"https:\/\/www.revista-insaiguaviva.org\/curs2025-2026\/wp-content\/uploads\/2026\/01\/Poster-Educativo-Invitacion-a-Feria-de-Ciencias-Rojo-Ilustrativo-3-724x1024.png\" alt=\"\" class=\"wp-image-505\" srcset=\"https:\/\/www.revista-insaiguaviva.org\/curs2025-2026\/wp-content\/uploads\/2026\/01\/Poster-Educativo-Invitacion-a-Feria-de-Ciencias-Rojo-Ilustrativo-3-724x1024.png 724w, https:\/\/www.revista-insaiguaviva.org\/curs2025-2026\/wp-content\/uploads\/2026\/01\/Poster-Educativo-Invitacion-a-Feria-de-Ciencias-Rojo-Ilustrativo-3-212x300.png 212w, https:\/\/www.revista-insaiguaviva.org\/curs2025-2026\/wp-content\/uploads\/2026\/01\/Poster-Educativo-Invitacion-a-Feria-de-Ciencias-Rojo-Ilustrativo-3-768x1086.png 768w, https:\/\/www.revista-insaiguaviva.org\/curs2025-2026\/wp-content\/uploads\/2026\/01\/Poster-Educativo-Invitacion-a-Feria-de-Ciencias-Rojo-Ilustrativo-3-1086x1536.png 1086w, https:\/\/www.revista-insaiguaviva.org\/curs2025-2026\/wp-content\/uploads\/2026\/01\/Poster-Educativo-Invitacion-a-Feria-de-Ciencias-Rojo-Ilustrativo-3-1448x2048.png 1448w, https:\/\/www.revista-insaiguaviva.org\/curs2025-2026\/wp-content\/uploads\/2026\/01\/Poster-Educativo-Invitacion-a-Feria-de-Ciencias-Rojo-Ilustrativo-3-scaled.png 1810w\" sizes=\"auto, (max-width: 724px) 100vw, 724px\" \/><\/figure>\n\n\n\n<figure class=\"wp-block-image size-large\"><img loading=\"lazy\" decoding=\"async\" width=\"724\" height=\"1024\" data-id=\"504\" src=\"https:\/\/www.revista-insaiguaviva.org\/curs2025-2026\/wp-content\/uploads\/2026\/01\/Poster-Fira-Cientifica-2-724x1024.jpg\" alt=\"\" class=\"wp-image-504\" srcset=\"https:\/\/www.revista-insaiguaviva.org\/curs2025-2026\/wp-content\/uploads\/2026\/01\/Poster-Fira-Cientifica-2-724x1024.jpg 724w, https:\/\/www.revista-insaiguaviva.org\/curs2025-2026\/wp-content\/uploads\/2026\/01\/Poster-Fira-Cientifica-2-212x300.jpg 212w, https:\/\/www.revista-insaiguaviva.org\/curs2025-2026\/wp-content\/uploads\/2026\/01\/Poster-Fira-Cientifica-2-768x1086.jpg 768w, https:\/\/www.revista-insaiguaviva.org\/curs2025-2026\/wp-content\/uploads\/2026\/01\/Poster-Fira-Cientifica-2-1086x1536.jpg 1086w, https:\/\/www.revista-insaiguaviva.org\/curs2025-2026\/wp-content\/uploads\/2026\/01\/Poster-Fira-Cientifica-2.jpg 1190w\" sizes=\"auto, (max-width: 724px) 100vw, 724px\" \/><\/figure>\n<\/figure>\n","protected":false},"excerpt":{"rendered":"<p>Benvolgudes fam\u00edlies, Des de l\u2019Institut Aiguaviva us convidem cordialment a assistir a la&nbsp;Fira de Ci\u00e8ncies i Rob\u00f2tica&nbsp;, organitzada pels alumnes de&nbsp;2n i 3r d\u2019ESO, que tindr\u00e0 lloc el&nbsp;dimarts 3 de febrer a les 17 h&nbsp;a la&nbsp;sala d\u2019actes de l\u2019edifici Rambla&nbsp;del nostre institut. Durant la fira, podreu con\u00e8ixer de primera m\u00e0 els\u00a0treballs de recerca i veure &hellip; <\/p>\n<p class=\"link-more\"><a href=\"https:\/\/www.revista-insaiguaviva.org\/curs2025-2026\/2026\/01\/28\/torna-la-fira-de-ciencies-a-lies-aiguaviva\/\" class=\"more-link\">Continua llegint <span class=\"screen-reader-text\">\u00abTorna la Fira de Ci\u00e8ncies a l&#8217;IES Aiguaviva!\u00bb<\/span><\/a><\/p>\n","protected":false},"author":2,"featured_media":0,"comment_status":"open","ping_status":"open","sticky":false,"template":"","format":"standard","meta":{"footnotes":""},"categories":[71,59,10,72,8,25],"tags":[],"class_list":["post-503","post","type-post","status-publish","format-standard","hentry","category-2n-eso","category-3r-eso","category-ciencies-experimentals","category-laboratori-creatiu","category-noticies","category-tecnologia"],"_links":{"self":[{"href":"https:\/\/www.revista-insaiguaviva.org\/curs2025-2026\/wp-json\/wp\/v2\/posts\/503","targetHints":{"allow":["GET"]}}],"collection":[{"href":"https:\/\/www.revista-insaiguaviva.org\/curs2025-2026\/wp-json\/wp\/v2\/posts"}],"about":[{"href":"https:\/\/www.revista-insaiguaviva.org\/curs2025-2026\/wp-json\/wp\/v2\/types\/post"}],"author":[{"embeddable":true,"href":"https:\/\/www.revista-insaiguaviva.org\/curs2025-2026\/wp-json\/wp\/v2\/users\/2"}],"replies":[{"embeddable":true,"href":"https:\/\/www.revista-insaiguaviva.org\/curs2025-2026\/wp-json\/wp\/v2\/comments?post=503"}],"version-history":[{"count":1,"href":"https:\/\/www.revista-insaiguaviva.org\/curs2025-2026\/wp-json\/wp\/v2\/posts\/503\/revisions"}],"predecessor-version":[{"id":506,"href":"https:\/\/www.revista-insaiguaviva.org\/curs2025-2026\/wp-json\/wp\/v2\/posts\/503\/revisions\/506"}],"wp:attachment":[{"href":"https:\/\/www.revista-insaiguaviva.org\/curs2025-2026\/wp-json\/wp\/v2\/media?parent=503"}],"wp:term":[{"taxonomy":"category","embeddable":true,"href":"https:\/\/www.revista-insaiguaviva.org\/curs2025-2026\/wp-json\/wp\/v2\/categories?post=503"},{"taxonomy":"post_tag","embeddable":true,"href":"https:\/\/www.revista-insaiguaviva.org\/curs2025-2026\/wp-json\/wp\/v2\/tags?post=503"}],"curies":[{"name":"wp","href":"https:\/\/api.w.org\/{rel}","templated":true}]}}