{"id":607,"date":"2026-02-18T12:01:19","date_gmt":"2026-02-18T10:01:19","guid":{"rendered":"https:\/\/www.revista-insaiguaviva.org\/curs2025-2026\/?p=607"},"modified":"2026-02-18T12:02:54","modified_gmt":"2026-02-18T10:02:54","slug":"xerrades-per-a-families-experiencies-compartides-sobre-ladolescencia","status":"publish","type":"post","link":"https:\/\/www.revista-insaiguaviva.org\/curs2025-2026\/2026\/02\/18\/xerrades-per-a-families-experiencies-compartides-sobre-ladolescencia\/","title":{"rendered":"Xerrades per a fam\u00edlies: &#8221; Experi\u00e8ncies compartides&#8221; sobre l&#8217;adolesc\u00e8ncia"},"content":{"rendered":"\n<p>Benvolgudes fam\u00edlies,\u00a0<\/p>\n\n\n\n<p>Compartim amb vosaltres la informaci\u00f3 sobre les xerrades d&#8217;<em>Experi\u00e8ncies compartides<\/em> que l&#8217;Ajuntament de Mollet &#8211; a trav\u00e9s del Pla d&#8217;Entorn, i amb col\u00b7laboraci\u00f3 amb la Diputaci\u00f3 de Barcelona- ofereix a les fam\u00edlies per acompanyar-vos durant el proc\u00e9s d&#8217;adolesc\u00e8ncia dels vostres fills i filles.<\/p>\n\n\n\n<p> Les xerrades es faran a la sala d&#8217;actes del nostre Institut en horari de tarda.<\/p>\n\n\n\n<p>Us adjuntem els cartells amb la programaci\u00f3 i esperem veure-us-hi!<\/p>\n\n\n\n<figure class=\"wp-block-gallery has-nested-images columns-default is-cropped wp-block-gallery-1 is-layout-flex wp-block-gallery-is-layout-flex\">\n<figure class=\"wp-block-image size-large\"><img loading=\"lazy\" decoding=\"async\" width=\"529\" height=\"763\" data-id=\"609\" src=\"https:\/\/www.revista-insaiguaviva.org\/curs2025-2026\/wp-content\/uploads\/2026\/02\/image.png\" alt=\"\" class=\"wp-image-609\" srcset=\"https:\/\/www.revista-insaiguaviva.org\/curs2025-2026\/wp-content\/uploads\/2026\/02\/image.png 529w, https:\/\/www.revista-insaiguaviva.org\/curs2025-2026\/wp-content\/uploads\/2026\/02\/image-208x300.png 208w\" sizes=\"auto, (max-width: 529px) 100vw, 529px\" \/><\/figure>\n\n\n\n<figure class=\"wp-block-image size-large\"><img loading=\"lazy\" decoding=\"async\" width=\"307\" height=\"451\" data-id=\"608\" src=\"https:\/\/www.revista-insaiguaviva.org\/curs2025-2026\/wp-content\/uploads\/2026\/02\/image-1.png\" alt=\"\" class=\"wp-image-608\" srcset=\"https:\/\/www.revista-insaiguaviva.org\/curs2025-2026\/wp-content\/uploads\/2026\/02\/image-1.png 307w, https:\/\/www.revista-insaiguaviva.org\/curs2025-2026\/wp-content\/uploads\/2026\/02\/image-1-204x300.png 204w\" sizes=\"auto, (max-width: 307px) 100vw, 307px\" \/><\/figure>\n<\/figure>\n","protected":false},"excerpt":{"rendered":"<p>Benvolgudes fam\u00edlies,\u00a0 Compartim amb vosaltres la informaci\u00f3 sobre les xerrades d&#8217;Experi\u00e8ncies compartides que l&#8217;Ajuntament de Mollet &#8211; a trav\u00e9s del Pla d&#8217;Entorn, i amb col\u00b7laboraci\u00f3 amb la Diputaci\u00f3 de Barcelona- ofereix a les fam\u00edlies per acompanyar-vos durant el proc\u00e9s d&#8217;adolesc\u00e8ncia dels vostres fills i filles. Les xerrades es faran a la sala d&#8217;actes del nostre &hellip; <\/p>\n<p class=\"link-more\"><a href=\"https:\/\/www.revista-insaiguaviva.org\/curs2025-2026\/2026\/02\/18\/xerrades-per-a-families-experiencies-compartides-sobre-ladolescencia\/\" class=\"more-link\">Continua llegint <span class=\"screen-reader-text\">\u00abXerrades per a fam\u00edlies: &#8221; Experi\u00e8ncies compartides&#8221; sobre l&#8217;adolesc\u00e8ncia\u00bb<\/span><\/a><\/p>\n","protected":false},"author":2,"featured_media":0,"comment_status":"open","ping_status":"open","sticky":false,"template":"","format":"standard","meta":{"footnotes":""},"categories":[8],"tags":[],"class_list":["post-607","post","type-post","status-publish","format-standard","hentry","category-noticies"],"_links":{"self":[{"href":"https:\/\/www.revista-insaiguaviva.org\/curs2025-2026\/wp-json\/wp\/v2\/posts\/607","targetHints":{"allow":["GET"]}}],"collection":[{"href":"https:\/\/www.revista-insaiguaviva.org\/curs2025-2026\/wp-json\/wp\/v2\/posts"}],"about":[{"href":"https:\/\/www.revista-insaiguaviva.org\/curs2025-2026\/wp-json\/wp\/v2\/types\/post"}],"author":[{"embeddable":true,"href":"https:\/\/www.revista-insaiguaviva.org\/curs2025-2026\/wp-json\/wp\/v2\/users\/2"}],"replies":[{"embeddable":true,"href":"https:\/\/www.revista-insaiguaviva.org\/curs2025-2026\/wp-json\/wp\/v2\/comments?post=607"}],"version-history":[{"count":2,"href":"https:\/\/www.revista-insaiguaviva.org\/curs2025-2026\/wp-json\/wp\/v2\/posts\/607\/revisions"}],"predecessor-version":[{"id":612,"href":"https:\/\/www.revista-insaiguaviva.org\/curs2025-2026\/wp-json\/wp\/v2\/posts\/607\/revisions\/612"}],"wp:attachment":[{"href":"https:\/\/www.revista-insaiguaviva.org\/curs2025-2026\/wp-json\/wp\/v2\/media?parent=607"}],"wp:term":[{"taxonomy":"category","embeddable":true,"href":"https:\/\/www.revista-insaiguaviva.org\/curs2025-2026\/wp-json\/wp\/v2\/categories?post=607"},{"taxonomy":"post_tag","embeddable":true,"href":"https:\/\/www.revista-insaiguaviva.org\/curs2025-2026\/wp-json\/wp\/v2\/tags?post=607"}],"curies":[{"name":"wp","href":"https:\/\/api.w.org\/{rel}","templated":true}]}}