{"id":785,"date":"2026-04-09T11:04:19","date_gmt":"2026-04-09T09:04:19","guid":{"rendered":"https:\/\/www.revista-insaiguaviva.org\/curs2025-2026\/?p=785"},"modified":"2026-04-09T11:48:25","modified_gmt":"2026-04-09T09:48:25","slug":"ui-que-sacosta-el-sant-jordi","status":"publish","type":"post","link":"https:\/\/www.revista-insaiguaviva.org\/curs2025-2026\/2026\/04\/09\/ui-que-sacosta-el-sant-jordi\/","title":{"rendered":"Ui, que s&#8217;acosta Sant Jordi!"},"content":{"rendered":"\n<p>El dimecres 23 d\u2019abril celebrarem la diada de Sant Jordi a l\u2019institut amb una jornada plena d\u2019activitats, literatura i creativitat. Al llarg del dia, podreu gaudir d\u2019un ambient festiu que posar\u00e0 en valor la llengua, l\u2019art i l\u2019expressi\u00f3 en totes les seves formes.<\/p>\n\n\n\n<p>El moment central ser\u00e0 l\u2019acte literari i musical, on es donaran a con\u00e8ixer els treballs guanyadors i s\u2019entregaran els premis de les diferents modalitats dels concursos de Sant Jordi.<\/p>\n\n\n\n<p>En aquesta mateixa publicaci\u00f3 trobareu les bases per participar-hi. \u00c9s el vostre moment de deixar anar la imaginaci\u00f3: escriure, dibuixar, crear, experimentar\u2026 tot hi t\u00e9 cabuda!!!<\/p>\n\n\n\n<p>Animeu-vos a participar i a fer sentir la vostra veu!!! <\/p>\n\n\n\n<p>Sant Jordi tamb\u00e9 \u00e9s vostre!!!!<\/p>\n\n\n\n<p><\/p>\n\n\n\n<p>PD: Atenci\u00f3 al meravell\u00f3s art de Sant Jordi de l&#8217;alumna Enyi Qiu!<\/p>\n\n\n\n<figure class=\"wp-block-gallery has-nested-images columns-default is-cropped wp-block-gallery-1 is-layout-flex wp-block-gallery-is-layout-flex\">\n<figure class=\"wp-block-image size-large\"><img loading=\"lazy\" decoding=\"async\" width=\"1024\" height=\"880\" data-id=\"787\" src=\"https:\/\/www.revista-insaiguaviva.org\/curs2025-2026\/wp-content\/uploads\/2026\/04\/IMG_2796-1024x880.jpeg\" alt=\"\" class=\"wp-image-787\" srcset=\"https:\/\/www.revista-insaiguaviva.org\/curs2025-2026\/wp-content\/uploads\/2026\/04\/IMG_2796-1024x880.jpeg 1024w, https:\/\/www.revista-insaiguaviva.org\/curs2025-2026\/wp-content\/uploads\/2026\/04\/IMG_2796-300x258.jpeg 300w, https:\/\/www.revista-insaiguaviva.org\/curs2025-2026\/wp-content\/uploads\/2026\/04\/IMG_2796-768x660.jpeg 768w, https:\/\/www.revista-insaiguaviva.org\/curs2025-2026\/wp-content\/uploads\/2026\/04\/IMG_2796.jpeg 1095w\" sizes=\"auto, (max-width: 767px) 89vw, (max-width: 1000px) 54vw, (max-width: 1071px) 543px, 580px\" \/><figcaption class=\"wp-element-caption\">Screenshot<\/figcaption><\/figure>\n<\/figure>\n\n\n\n<div data-wp-interactive=\"core\/file\" class=\"wp-block-file\"><object data-wp-bind--hidden=\"!state.hasPdfPreview\" hidden class=\"wp-block-file__embed\" data=\"https:\/\/www.revista-insaiguaviva.org\/curs2025-2026\/wp-content\/uploads\/2026\/04\/Bases-concursos-Sant-Jordi-2025-26.pptx.pdf\" type=\"application\/pdf\" style=\"width:100%;height:600px\" aria-label=\"Incrustaci\u00f3 del fitxer Bases-concursos-Sant-Jordi-2025 -26.pptx.\"><\/object><a id=\"wp-block-file--media-d189dfed-d14b-4dd0-b3b5-c941d69b9379\" href=\"https:\/\/www.revista-insaiguaviva.org\/curs2025-2026\/wp-content\/uploads\/2026\/04\/Bases-concursos-Sant-Jordi-2025-26.pptx.pdf\">Bases-concursos-Sant-Jordi-2025 -26.pptx<\/a><a href=\"https:\/\/www.revista-insaiguaviva.org\/curs2025-2026\/wp-content\/uploads\/2026\/04\/Bases-concursos-Sant-Jordi-2025-26.pptx.pdf\" class=\"wp-block-file__button wp-element-button\" download aria-describedby=\"wp-block-file--media-d189dfed-d14b-4dd0-b3b5-c941d69b9379\">Baixa<\/a><\/div>\n","protected":false},"excerpt":{"rendered":"<p>El dimecres 23 d\u2019abril celebrarem la diada de Sant Jordi a l\u2019institut amb una jornada plena d\u2019activitats, literatura i creativitat. Al llarg del dia, podreu gaudir d\u2019un ambient festiu que posar\u00e0 en valor la llengua, l\u2019art i l\u2019expressi\u00f3 en totes les seves formes. El moment central ser\u00e0 l\u2019acte literari i musical, on es donaran a &hellip; <\/p>\n<p class=\"link-more\"><a href=\"https:\/\/www.revista-insaiguaviva.org\/curs2025-2026\/2026\/04\/09\/ui-que-sacosta-el-sant-jordi\/\" class=\"more-link\">Continua llegint <span class=\"screen-reader-text\">\u00abUi, que s&#8217;acosta Sant Jordi!\u00bb<\/span><\/a><\/p>\n","protected":false},"author":2,"featured_media":0,"comment_status":"open","ping_status":"open","sticky":false,"template":"","format":"standard","meta":{"footnotes":""},"categories":[29],"tags":[],"class_list":["post-785","post","type-post","status-publish","format-standard","hentry","category-sant-jordi-2026"],"_links":{"self":[{"href":"https:\/\/www.revista-insaiguaviva.org\/curs2025-2026\/wp-json\/wp\/v2\/posts\/785","targetHints":{"allow":["GET"]}}],"collection":[{"href":"https:\/\/www.revista-insaiguaviva.org\/curs2025-2026\/wp-json\/wp\/v2\/posts"}],"about":[{"href":"https:\/\/www.revista-insaiguaviva.org\/curs2025-2026\/wp-json\/wp\/v2\/types\/post"}],"author":[{"embeddable":true,"href":"https:\/\/www.revista-insaiguaviva.org\/curs2025-2026\/wp-json\/wp\/v2\/users\/2"}],"replies":[{"embeddable":true,"href":"https:\/\/www.revista-insaiguaviva.org\/curs2025-2026\/wp-json\/wp\/v2\/comments?post=785"}],"version-history":[{"count":2,"href":"https:\/\/www.revista-insaiguaviva.org\/curs2025-2026\/wp-json\/wp\/v2\/posts\/785\/revisions"}],"predecessor-version":[{"id":789,"href":"https:\/\/www.revista-insaiguaviva.org\/curs2025-2026\/wp-json\/wp\/v2\/posts\/785\/revisions\/789"}],"wp:attachment":[{"href":"https:\/\/www.revista-insaiguaviva.org\/curs2025-2026\/wp-json\/wp\/v2\/media?parent=785"}],"wp:term":[{"taxonomy":"category","embeddable":true,"href":"https:\/\/www.revista-insaiguaviva.org\/curs2025-2026\/wp-json\/wp\/v2\/categories?post=785"},{"taxonomy":"post_tag","embeddable":true,"href":"https:\/\/www.revista-insaiguaviva.org\/curs2025-2026\/wp-json\/wp\/v2\/tags?post=785"}],"curies":[{"name":"wp","href":"https:\/\/api.w.org\/{rel}","templated":true}]}}