{"id":832,"date":"2026-04-21T17:07:04","date_gmt":"2026-04-21T15:07:04","guid":{"rendered":"https:\/\/www.revista-insaiguaviva.org\/curs2025-2026\/?p=832"},"modified":"2026-04-21T17:07:04","modified_gmt":"2026-04-21T15:07:04","slug":"consulteu-la-programacio-de-la-diada-de-sant-jordi-de-lins-aiguaviva","status":"publish","type":"post","link":"https:\/\/www.revista-insaiguaviva.org\/curs2025-2026\/2026\/04\/21\/consulteu-la-programacio-de-la-diada-de-sant-jordi-de-lins-aiguaviva\/","title":{"rendered":"Consulteu la programaci\u00f3 de la diada de Sant Jordi de l&#8217;INS Aiguaviva."},"content":{"rendered":"\n<p>En el marc de la Setmana de les Humanitats, l\u2019INS Aiguaviva ha organitzat diverses activitats amb motiu de Sant Jordi, adre\u00e7ades a l\u2019alumnat de tots els nivells .<\/p>\n\n\n\n<p>Durant la setmana s\u2019han combinat propostes culturals i activitats a l\u2019aula, amb la participaci\u00f3 de diferents cursos i departaments. La diada de Sant Jordi ser\u00e0, com no pot ser d&#8217;una altra manera, un dels moments principals, amb un gran fi de festa al centre Calder\u00f3.<\/p>\n\n\n\n<p>Podeu consultar en el seg\u00fcent tr\u00edptic totes les activitats!<\/p>\n\n\n\n<div data-wp-interactive=\"core\/file\" class=\"wp-block-file\"><object data-wp-bind--hidden=\"!state.hasPdfPreview\" hidden class=\"wp-block-file__embed\" data=\"https:\/\/www.revista-insaiguaviva.org\/curs2025-2026\/wp-content\/uploads\/2026\/04\/2026-triptic-setmana-de-les-humanitats.pdf\" type=\"application\/pdf\" style=\"width:100%;height:600px\" aria-label=\"Incrustaci\u00f3 del fitxer 2026 -tri\u0301ptic setmana de les humanitats.\"><\/object><a id=\"wp-block-file--media-ddae3cca-aaf1-4d6c-9bf8-0889514ef4ff\" href=\"https:\/\/www.revista-insaiguaviva.org\/curs2025-2026\/wp-content\/uploads\/2026\/04\/2026-triptic-setmana-de-les-humanitats.pdf\">2026 -tri\u0301ptic setmana de les humanitats<\/a><a href=\"https:\/\/www.revista-insaiguaviva.org\/curs2025-2026\/wp-content\/uploads\/2026\/04\/2026-triptic-setmana-de-les-humanitats.pdf\" class=\"wp-block-file__button wp-element-button\" download aria-describedby=\"wp-block-file--media-ddae3cca-aaf1-4d6c-9bf8-0889514ef4ff\">Baixa<\/a><\/div>\n\n\n\n<p><\/p>\n\n\n\n<p><\/p>\n","protected":false},"excerpt":{"rendered":"<p>En el marc de la Setmana de les Humanitats, l\u2019INS Aiguaviva ha organitzat diverses activitats amb motiu de Sant Jordi, adre\u00e7ades a l\u2019alumnat de tots els nivells . Durant la setmana s\u2019han combinat propostes culturals i activitats a l\u2019aula, amb la participaci\u00f3 de diferents cursos i departaments. La diada de Sant Jordi ser\u00e0, com no &hellip; <\/p>\n<p class=\"link-more\"><a href=\"https:\/\/www.revista-insaiguaviva.org\/curs2025-2026\/2026\/04\/21\/consulteu-la-programacio-de-la-diada-de-sant-jordi-de-lins-aiguaviva\/\" class=\"more-link\">Continua llegint <span class=\"screen-reader-text\">\u00abConsulteu la programaci\u00f3 de la diada de Sant Jordi de l&#8217;INS Aiguaviva.\u00bb<\/span><\/a><\/p>\n","protected":false},"author":2,"featured_media":0,"comment_status":"open","ping_status":"open","sticky":false,"template":"","format":"standard","meta":{"footnotes":""},"categories":[28,6,29],"tags":[],"class_list":["post-832","post","type-post","status-publish","format-standard","hentry","category-1a-setmana-de-les-humanitats","category-activitats","category-sant-jordi-2026"],"_links":{"self":[{"href":"https:\/\/www.revista-insaiguaviva.org\/curs2025-2026\/wp-json\/wp\/v2\/posts\/832","targetHints":{"allow":["GET"]}}],"collection":[{"href":"https:\/\/www.revista-insaiguaviva.org\/curs2025-2026\/wp-json\/wp\/v2\/posts"}],"about":[{"href":"https:\/\/www.revista-insaiguaviva.org\/curs2025-2026\/wp-json\/wp\/v2\/types\/post"}],"author":[{"embeddable":true,"href":"https:\/\/www.revista-insaiguaviva.org\/curs2025-2026\/wp-json\/wp\/v2\/users\/2"}],"replies":[{"embeddable":true,"href":"https:\/\/www.revista-insaiguaviva.org\/curs2025-2026\/wp-json\/wp\/v2\/comments?post=832"}],"version-history":[{"count":1,"href":"https:\/\/www.revista-insaiguaviva.org\/curs2025-2026\/wp-json\/wp\/v2\/posts\/832\/revisions"}],"predecessor-version":[{"id":834,"href":"https:\/\/www.revista-insaiguaviva.org\/curs2025-2026\/wp-json\/wp\/v2\/posts\/832\/revisions\/834"}],"wp:attachment":[{"href":"https:\/\/www.revista-insaiguaviva.org\/curs2025-2026\/wp-json\/wp\/v2\/media?parent=832"}],"wp:term":[{"taxonomy":"category","embeddable":true,"href":"https:\/\/www.revista-insaiguaviva.org\/curs2025-2026\/wp-json\/wp\/v2\/categories?post=832"},{"taxonomy":"post_tag","embeddable":true,"href":"https:\/\/www.revista-insaiguaviva.org\/curs2025-2026\/wp-json\/wp\/v2\/tags?post=832"}],"curies":[{"name":"wp","href":"https:\/\/api.w.org\/{rel}","templated":true}]}}