{"id":92,"date":"2025-10-17T19:24:50","date_gmt":"2025-10-17T17:24:50","guid":{"rendered":"https:\/\/www.revista-insaiguaviva.org\/curs2025-2026\/?p=92"},"modified":"2025-10-22T11:25:11","modified_gmt":"2025-10-22T09:25:11","slug":"sortida-cultural-al-cccb-de-barcelona-1r-batxillerat-psicologia-i-ciutadania-i-dret","status":"publish","type":"post","link":"https:\/\/www.revista-insaiguaviva.org\/curs2025-2026\/2025\/10\/17\/sortida-cultural-al-cccb-de-barcelona-1r-batxillerat-psicologia-i-ciutadania-i-dret\/","title":{"rendered":"Sortida cultural al CCCB de Barcelona &#8211; 1r Batxillerat, Psicologia i Ciutadania i Dret"},"content":{"rendered":"\n<p class=\"has-text-align-left\">El dimarts 7 d&#8217;octubre de 2025 els alumnes de primer de Batxillerat de les assignatures de Psicologia i Ciutadania i Dret van realitzar una sortida cultural a Barcelona. La destinaci\u00f3 va ser el CCBB (Centre de Cultura Contempor\u00e0nia de Barcelona), un espai emblem\u00e0tic dedicat a l&#8217;art i el debat de la cultura contempor\u00e0nia.<\/p>\n\n\n\n<p class=\"has-text-align-left\">En arribar al centre cultural, el professorat i l&#8217;alumnat van ser rebuts i se&#8217;ls va explicar la seva particularitat: a difer\u00e8ncia dels museus tradicionals amb exposicions permanents, el CCBB \u00e9s un espai din\u00e0mic que acull exclusivament mostres temporals, afavorint aix\u00ed la constant renovaci\u00f3 i la reflexi\u00f3 sobre temes d&#8217;actualitat. <\/p>\n\n\n\n<p class=\"has-text-align-left\">La visita es va centrar en l&#8217;exposici\u00f3 dedicada a Chris Ware, reconegut dibuixant de c\u00f2mics conegut per la seva manera peculiar d&#8217;explicar hist\u00f2ries quotidianes. Els alumnes van poder observar una gran varietat d&#8217;estils i formats, des d&#8217;il\u00b7lustracions cl\u00e0ssiques fins a c\u00f2mics amb grans dimensions, com un dibuix presentat sobre un format similar a una estovalla de taula. La lli\u00e7\u00f3 principal que va marcar al grup va ser el lema de l&#8217;artista: &#8220;Dibuixar \u00e9s pensar&#8221;.<\/p>\n\n\n\n<p class=\"has-text-align-left\">Posteriorment, la sessi\u00f3 es va endinsar en l\u2019aspecte m\u00e9s social i hum\u00e0, amb la presentaci\u00f3 de les hist\u00f2ries de Carmen i Jamil. Aquests dos personatges, una dona gran i un peixater del carrer de Sant Andreu, respectivament, representaven una relaci\u00f3 cordial i significativa creada en la quotidianitat del barri. <\/p>\n\n\n\n<p class=\"has-text-align-left\">Com a tancament de l&#8217;activitat, es va proposar un repte creatiu a l&#8217;alumnat: realitzar un dibuix que fes refer\u00e8ncia a la hist\u00f2ria d&#8217;aquests dos personatges i enganxar-lo a la paret com a testimoni. Va ser un moment d&#8217;expressi\u00f3 individual i col\u00b7lectiva que va connectar la teoria de l&#8217;exposici\u00f3 amb la realitat social.<\/p>\n\n\n\n<p class=\"has-text-align-left\">La jornada va finalitzar al migdia amb la satisfacci\u00f3 d&#8217;haver viscut una excursi\u00f3 molt profitosa. Aquesta sortida va oferir una perspectiva diferent de les sortides, ja que va aconseguir combinar la introspecci\u00f3 de la psicologia, la reflexi\u00f3 ciutadana i l&#8217;expressi\u00f3 creativa. L&#8217;alumnat de Batxillerat va tornar a l&#8217;institut amb una visi\u00f3 m\u00e9s \u00e0mplia sobre la cultura, el pensament i la vida en comunitat.<\/p>\n\n\n\n<p><strong>Una cr\u00f2nica d&#8217;Ikram Oukacha Bouchnaf, alumna de 1r de Batxillerat<\/strong><\/p>\n\n\n\n<p><\/p>\n","protected":false},"excerpt":{"rendered":"<p>El dimarts 7 d&#8217;octubre de 2025 els alumnes de primer de Batxillerat de les assignatures de Psicologia i Ciutadania i Dret van realitzar una sortida cultural a Barcelona. La destinaci\u00f3 va ser el CCBB (Centre de Cultura Contempor\u00e0nia de Barcelona), un espai emblem\u00e0tic dedicat a l&#8217;art i el debat de la cultura contempor\u00e0nia. En arribar &hellip; <\/p>\n<p class=\"link-more\"><a href=\"https:\/\/www.revista-insaiguaviva.org\/curs2025-2026\/2025\/10\/17\/sortida-cultural-al-cccb-de-barcelona-1r-batxillerat-psicologia-i-ciutadania-i-dret\/\" class=\"more-link\">Continua llegint <span class=\"screen-reader-text\">\u00abSortida cultural al CCCB de Barcelona &#8211; 1r Batxillerat, Psicologia i Ciutadania i Dret\u00bb<\/span><\/a><\/p>\n","protected":false},"author":1,"featured_media":93,"comment_status":"open","ping_status":"open","sticky":false,"template":"","format":"standard","meta":{"footnotes":""},"categories":[9,5,46],"tags":[41,44,42,43,45,33],"class_list":["post-92","post","type-post","status-publish","format-standard","has-post-thumbnail","hentry","category-ciencies-socials","category-sortides","category-sortides-1r-batxillerat","tag-1r-batxillerat","tag-art","tag-cccb","tag-comic","tag-psicologia","tag-sortides"],"_links":{"self":[{"href":"https:\/\/www.revista-insaiguaviva.org\/curs2025-2026\/wp-json\/wp\/v2\/posts\/92","targetHints":{"allow":["GET"]}}],"collection":[{"href":"https:\/\/www.revista-insaiguaviva.org\/curs2025-2026\/wp-json\/wp\/v2\/posts"}],"about":[{"href":"https:\/\/www.revista-insaiguaviva.org\/curs2025-2026\/wp-json\/wp\/v2\/types\/post"}],"author":[{"embeddable":true,"href":"https:\/\/www.revista-insaiguaviva.org\/curs2025-2026\/wp-json\/wp\/v2\/users\/1"}],"replies":[{"embeddable":true,"href":"https:\/\/www.revista-insaiguaviva.org\/curs2025-2026\/wp-json\/wp\/v2\/comments?post=92"}],"version-history":[{"count":5,"href":"https:\/\/www.revista-insaiguaviva.org\/curs2025-2026\/wp-json\/wp\/v2\/posts\/92\/revisions"}],"predecessor-version":[{"id":101,"href":"https:\/\/www.revista-insaiguaviva.org\/curs2025-2026\/wp-json\/wp\/v2\/posts\/92\/revisions\/101"}],"wp:featuredmedia":[{"embeddable":true,"href":"https:\/\/www.revista-insaiguaviva.org\/curs2025-2026\/wp-json\/wp\/v2\/media\/93"}],"wp:attachment":[{"href":"https:\/\/www.revista-insaiguaviva.org\/curs2025-2026\/wp-json\/wp\/v2\/media?parent=92"}],"wp:term":[{"taxonomy":"category","embeddable":true,"href":"https:\/\/www.revista-insaiguaviva.org\/curs2025-2026\/wp-json\/wp\/v2\/categories?post=92"},{"taxonomy":"post_tag","embeddable":true,"href":"https:\/\/www.revista-insaiguaviva.org\/curs2025-2026\/wp-json\/wp\/v2\/tags?post=92"}],"curies":[{"name":"wp","href":"https:\/\/api.w.org\/{rel}","templated":true}]}}